{"id":13704,"date":"2024-01-05T11:05:12","date_gmt":"2024-01-05T10:05:12","guid":{"rendered":"https:\/\/www.sankturban.de\/?p=13704"},"modified":"2024-01-05T11:05:15","modified_gmt":"2024-01-05T10:05:15","slug":"die-herrlichkeit-christi-ist-heute-erschienen","status":"publish","type":"post","link":"https:\/\/www.sankturban.de\/?p=13704","title":{"rendered":"\u201eDie Herrlichkeit Christi ist heute erschienen\u201c"},"content":{"rendered":"\n<p>Ank\u00fcndigung der beweglichen Feste im Kirchenjahr am Fest der Er<strong>sc<\/strong>heinung des\u00a0Herrn<\/p>\n\n\n\n<p>Mal ist er fr\u00fcher, mal sp\u00e4ter im Jahr: der Termin, auf den das Osterfest f\u00e4llt. Und weil weitere Feste im Kirchenjahr von diesem Termin abh\u00e4ngen (Aschermittwoch 40 Tage vor Ostern, Christi Himmelfahrt 40 Tage und Pfingsten 50 Tage nach Ostern, Fronleichnam nach Pfingsten usw.), gibt es den Brauch, die konkreten Termine dieser Feste den Gl\u00e4ubigen in Form der sogenannten \u201eFestank\u00fcndigung\u201c mitzuteilen. Zur\u00fcck geht diese Festank\u00fcndigung auf das 4. Jahrhundert, als das Erste Konzil von Niz\u00e4a im Jahr 325 f\u00fcr das ganze R\u00f6mische Reich einen einheitlichen Ostertermin bestimmte. Die Berechnung dieses Datums \u2013 sp\u00e4ter auch der davon abh\u00e4ngigen beweglichen Feste \u2013 wurde der Kirche von Alexandrien \u00fcbertragen, die es allen anderen Kirchen, auch dem Bischof von Rom, mitteilte, und zwar im so genannten Osterfestbrief, der allj\u00e4hrlich an Epiphanie ver\u00f6ffentlicht&nbsp;wurde.<\/p>\n\n\n\n<p>Der Brauch kann heute ein Zeichen setzen, dass f\u00fcr uns Christen die Zeit eine ganz eigene Dimension hat: als Zeit des Heiles, die mit dem Erscheinen des Gottessohnes einen neuen Anfang genommen hat und im auferstandenen und wiederkommenden Herrn ihr Ziel und ihre Vollendung finden wird. Davon erz\u00e4hlen uns die vielen Feiertage des kommenden Jahres.<\/p>\n\n\n\n<p>Die \u201e<a href=\"https:\/\/dli.institute\/wp\/wp-content\/uploads\/2018\/12\/Festankuendigung-an-Epiphanie-2024-Textfassung.pdf\">Festank\u00fcndigung am Fest Epiphanie f\u00fcr das Jahr 20224<\/a>\u201c ist am 6. Januar um 9.30 Uhr in St. Franziskus Obert\u00fcrkheim und um 11 Uhr in St. Johannes Untert\u00fcrkheim zu h\u00f6ren.<\/p>\n","protected":false},"excerpt":{"rendered":"<p>Ank\u00fcndigung der beweglichen Feste im Kirchenjahr am Fest der Erscheinung des\u00a0Herrn Mal ist er fr\u00fcher, mal sp\u00e4ter im Jahr: der Termin, auf den das Osterfest f\u00e4llt. Und weil weitere Feste im Kirchenjahr von diesem Termin abh\u00e4ngen (Aschermittwoch 40 Tage vor &hellip; <a href=\"https:\/\/www.sankturban.de\/?p=13704\">Weiterlesen <span class=\"meta-nav\">&rarr;<\/span><\/a><\/p>\n","protected":false},"author":33,"featured_media":0,"comment_status":"closed","ping_status":"closed","sticky":false,"template":"","format":"standard","meta":{"footnotes":""},"categories":[67],"tags":[],"class_list":["post-13704","post","type-post","status-publish","format-standard","hentry","category-news"],"_links":{"self":[{"href":"https:\/\/www.sankturban.de\/index.php?rest_route=\/wp\/v2\/posts\/13704","targetHints":{"allow":["GET"]}}],"collection":[{"href":"https:\/\/www.sankturban.de\/index.php?rest_route=\/wp\/v2\/posts"}],"about":[{"href":"https:\/\/www.sankturban.de\/index.php?rest_route=\/wp\/v2\/types\/post"}],"author":[{"embeddable":true,"href":"https:\/\/www.sankturban.de\/index.php?rest_route=\/wp\/v2\/users\/33"}],"replies":[{"embeddable":true,"href":"https:\/\/www.sankturban.de\/index.php?rest_route=%2Fwp%2Fv2%2Fcomments&post=13704"}],"version-history":[{"count":1,"href":"https:\/\/www.sankturban.de\/index.php?rest_route=\/wp\/v2\/posts\/13704\/revisions"}],"predecessor-version":[{"id":13705,"href":"https:\/\/www.sankturban.de\/index.php?rest_route=\/wp\/v2\/posts\/13704\/revisions\/13705"}],"wp:attachment":[{"href":"https:\/\/www.sankturban.de\/index.php?rest_route=%2Fwp%2Fv2%2Fmedia&parent=13704"}],"wp:term":[{"taxonomy":"category","embeddable":true,"href":"https:\/\/www.sankturban.de\/index.php?rest_route=%2Fwp%2Fv2%2Fcategories&post=13704"},{"taxonomy":"post_tag","embeddable":true,"href":"https:\/\/www.sankturban.de\/index.php?rest_route=%2Fwp%2Fv2%2Ftags&post=13704"}],"curies":[{"name":"wp","href":"https:\/\/api.w.org\/{rel}","templated":true}]}}