{"id":13265,"date":"2023-08-10T17:38:32","date_gmt":"2023-08-10T16:38:32","guid":{"rendered":"https:\/\/www.sankturban.de\/?p=13265"},"modified":"2023-08-10T17:40:16","modified_gmt":"2023-08-10T16:40:16","slug":"maria-himmelfahrt-festgottesdienst-mit-kraeutersegnung","status":"publish","type":"post","link":"https:\/\/www.sankturban.de\/?p=13265","title":{"rendered":"Maria Himmelfahrt: Festgottesdienst mit Kr\u00e4utersegnung"},"content":{"rendered":"<div class=\"wp-block-image\">\n<figure class=\"alignleft size-large is-resized\"><img loading=\"lazy\" decoding=\"async\" src=\"https:\/\/www.sankturban.de\/wp-content\/uploads\/2023\/08\/grant-whitty-5lzWL1tmpgs-unsplash-683x1024.jpg\" alt=\"\" class=\"wp-image-13266\" style=\"width:243px;height:364px\" width=\"243\" height=\"364\" srcset=\"https:\/\/www.sankturban.de\/wp-content\/uploads\/2023\/08\/grant-whitty-5lzWL1tmpgs-unsplash-683x1024.jpg 683w, https:\/\/www.sankturban.de\/wp-content\/uploads\/2023\/08\/grant-whitty-5lzWL1tmpgs-unsplash-200x300.jpg 200w, https:\/\/www.sankturban.de\/wp-content\/uploads\/2023\/08\/grant-whitty-5lzWL1tmpgs-unsplash-768x1152.jpg 768w, https:\/\/www.sankturban.de\/wp-content\/uploads\/2023\/08\/grant-whitty-5lzWL1tmpgs-unsplash-1024x1536.jpg 1024w, https:\/\/www.sankturban.de\/wp-content\/uploads\/2023\/08\/grant-whitty-5lzWL1tmpgs-unsplash-scaled.jpg 1365w, https:\/\/www.sankturban.de\/wp-content\/uploads\/2023\/08\/grant-whitty-5lzWL1tmpgs-unsplash-1320x1980.jpg 1320w\" sizes=\"auto, (max-width: 243px) 100vw, 243px\" \/><\/figure>\n<\/div>\n\n\n<p>Am Dienstag, 15. August, findet um 18.30 Uhr der Festgottesdienst zum Hochfest der Aufnahme Mariens in den Himmel (Maria Himmelfahrt) statt: <br \/>Herzliche Einladung zur Mitfeier an diesem besonderen Festtag, der auch das &#8222;Osterfest des Sommers&#8220; genannt wird. Am Ende des Gottesdienstes werden nach alter Tradition auch Kr\u00e4uterstr\u00e4\u00dfe gesegnet. Zum Gottesdienst in der Obert\u00fcrheimer St. Franziskuskirche sind die Gl\u00e4ubigen aus allen Kirchengemeinden der  Gesamtkirchengemeinde eingalden.<br \/><\/p>\n\n\n\n<!--more-->\n\n\n\n<ul class=\"wp-block-list\">\n<li><a href=\"https:\/\/www.sankturban.de\/wp-content\/uploads\/2023\/08\/Kraeuterweihe-2023.pdf\">Festgottesdienst und Kr\u00e4uterweihe am 15. August<\/a><\/li>\n\n\n\n<li><a href=\"https:\/\/www.katholisch.de\/artikel\/176-blume-des-feldes-lilie-der-taler\">Maria Himmelfahrt: Das \u00e4lteste Marienfest<\/a><\/li>\n\n\n\n<li><a href=\"https:\/\/www.katholisch.de\/artikel\/14315-maria-himmelfahrt-fur-kinder-erklart\">Maria Himmelfahrt Kindern erkl\u00e4rt<\/a><\/li>\n\n\n\n<li><a href=\"https:\/\/www.katholisch.de\/artikel\/10110-sieben-kraeuter-muessen-es-sein\">Kr\u00e4uterstr\u00e4u\u00dfe f\u00fcr Maria Himmelfahrt<\/a><\/li>\n<\/ul>\n\n\n\n<p>(Foto von <a href=\"https:\/\/unsplash.com\/de\/@grantwhitty?utm_source=unsplash&amp;utm_medium=referral&amp;utm_content=creditCopyText\">Grant Whitty<\/a> auf <a href=\"https:\/\/unsplash.com\/de\/fotos\/5lzWL1tmpgs?utm_source=unsplash&amp;utm_medium=referral&amp;utm_content=creditCopyText\">Unsplash<\/a>.)<\/p>\n","protected":false},"excerpt":{"rendered":"<p>Am Dienstag, 15. August, findet um 18.30 Uhr der Festgottesdienst zum Hochfest der Aufnahme Mariens in den Himmel (Maria Himmelfahrt) statt: Herzliche Einladung zur Mitfeier an diesem besonderen Festtag, der auch das &#8222;Osterfest des Sommers&#8220; genannt wird. Am Ende des &hellip; <a href=\"https:\/\/www.sankturban.de\/?p=13265\">Weiterlesen <span class=\"meta-nav\">&rarr;<\/span><\/a><\/p>\n","protected":false},"author":33,"featured_media":0,"comment_status":"closed","ping_status":"closed","sticky":false,"template":"","format":"standard","meta":{"footnotes":""},"categories":[5,8],"tags":[],"class_list":["post-13265","post","type-post","status-publish","format-standard","hentry","category-st-franziskus","category-startseite"],"_links":{"self":[{"href":"https:\/\/www.sankturban.de\/index.php?rest_route=\/wp\/v2\/posts\/13265","targetHints":{"allow":["GET"]}}],"collection":[{"href":"https:\/\/www.sankturban.de\/index.php?rest_route=\/wp\/v2\/posts"}],"about":[{"href":"https:\/\/www.sankturban.de\/index.php?rest_route=\/wp\/v2\/types\/post"}],"author":[{"embeddable":true,"href":"https:\/\/www.sankturban.de\/index.php?rest_route=\/wp\/v2\/users\/33"}],"replies":[{"embeddable":true,"href":"https:\/\/www.sankturban.de\/index.php?rest_route=%2Fwp%2Fv2%2Fcomments&post=13265"}],"version-history":[{"count":3,"href":"https:\/\/www.sankturban.de\/index.php?rest_route=\/wp\/v2\/posts\/13265\/revisions"}],"predecessor-version":[{"id":13270,"href":"https:\/\/www.sankturban.de\/index.php?rest_route=\/wp\/v2\/posts\/13265\/revisions\/13270"}],"wp:attachment":[{"href":"https:\/\/www.sankturban.de\/index.php?rest_route=%2Fwp%2Fv2%2Fmedia&parent=13265"}],"wp:term":[{"taxonomy":"category","embeddable":true,"href":"https:\/\/www.sankturban.de\/index.php?rest_route=%2Fwp%2Fv2%2Fcategories&post=13265"},{"taxonomy":"post_tag","embeddable":true,"href":"https:\/\/www.sankturban.de\/index.php?rest_route=%2Fwp%2Fv2%2Ftags&post=13265"}],"curies":[{"name":"wp","href":"https:\/\/api.w.org\/{rel}","templated":true}]}}