{"id":12830,"date":"2023-05-05T14:17:08","date_gmt":"2023-05-05T13:17:08","guid":{"rendered":"https:\/\/www.sankturban.de\/?p=12830"},"modified":"2023-05-05T14:17:29","modified_gmt":"2023-05-05T13:17:29","slug":"rotenberger-weingaertle-spendet-fuer-die-kita-franz-von-assisi","status":"publish","type":"post","link":"https:\/\/www.sankturban.de\/?p=12830","title":{"rendered":"&#8222;Rotenberger Weing\u00e4rtle&#8220; spendet f\u00fcr die Kita Franz von Assisi"},"content":{"rendered":"\n<p>Unsere Kindertagesst\u00e4tte Franz von Assisi freut sich \u00fcber eine Spende von 800 Euro aus dem Erl\u00f6s der Aktion: \u00b4\u00b4Am 24.12 is(s)t niemand alleine&#8222;, die am Heilig Abend im Rotenberger Weing\u00e4rtle stattgefunden hat.<\/p>\n\n\n\n<figure class=\"wp-block-image size-large\"><img loading=\"lazy\" decoding=\"async\" width=\"1024\" height=\"768\" src=\"https:\/\/www.sankturban.de\/wp-content\/uploads\/2023\/05\/SpendenuebergabeKitaFvA-1024x768.jpg\" alt=\"\" class=\"wp-image-12831\" srcset=\"https:\/\/www.sankturban.de\/wp-content\/uploads\/2023\/05\/SpendenuebergabeKitaFvA-1024x768.jpg 1024w, https:\/\/www.sankturban.de\/wp-content\/uploads\/2023\/05\/SpendenuebergabeKitaFvA-300x225.jpg 300w, https:\/\/www.sankturban.de\/wp-content\/uploads\/2023\/05\/SpendenuebergabeKitaFvA-768x576.jpg 768w, https:\/\/www.sankturban.de\/wp-content\/uploads\/2023\/05\/SpendenuebergabeKitaFvA-1536x1152.jpg 1536w, https:\/\/www.sankturban.de\/wp-content\/uploads\/2023\/05\/SpendenuebergabeKitaFvA-scaled.jpg 2048w, https:\/\/www.sankturban.de\/wp-content\/uploads\/2023\/05\/SpendenuebergabeKitaFvA-1320x990.jpg 1320w\" sizes=\"auto, (max-width: 1024px) 100vw, 1024px\" \/><\/figure>\n\n\n\n<p>Herr Garlin und Herr M\u00fcller vom Rotenberger Weing\u00e4rtle haben uns am 3. Mai den Spendenscheck \u00fcberreicht.<\/p>\n\n\n\n<p>Wir sagen herzlichen Dank &nbsp;und freuen uns riesig \u00fcber die gro\u00dfz\u00fcgige Spende, die wir in neue, wertvolle Spielsachen investieren werden.<\/p>\n\n\n\n<p>Eva Ratajski, Kita-Leitung Franz von Assisi<\/p>\n","protected":false},"excerpt":{"rendered":"<p>Unsere Kindertagesst\u00e4tte Franz von Assisi freut sich \u00fcber eine Spende von 800 Euro aus dem Erl\u00f6s der Aktion: \u00b4\u00b4Am 24.12 is(s)t niemand alleine&#8222;, die am Heilig Abend im Rotenberger Weing\u00e4rtle stattgefunden hat. Herr Garlin und Herr M\u00fcller vom Rotenberger Weing\u00e4rtle &hellip; <a href=\"https:\/\/www.sankturban.de\/?p=12830\">Weiterlesen <span class=\"meta-nav\">&rarr;<\/span><\/a><\/p>\n","protected":false},"author":33,"featured_media":0,"comment_status":"closed","ping_status":"closed","sticky":false,"template":"","format":"standard","meta":{"footnotes":""},"categories":[67,5],"tags":[],"class_list":["post-12830","post","type-post","status-publish","format-standard","hentry","category-news","category-st-franziskus"],"_links":{"self":[{"href":"https:\/\/www.sankturban.de\/index.php?rest_route=\/wp\/v2\/posts\/12830","targetHints":{"allow":["GET"]}}],"collection":[{"href":"https:\/\/www.sankturban.de\/index.php?rest_route=\/wp\/v2\/posts"}],"about":[{"href":"https:\/\/www.sankturban.de\/index.php?rest_route=\/wp\/v2\/types\/post"}],"author":[{"embeddable":true,"href":"https:\/\/www.sankturban.de\/index.php?rest_route=\/wp\/v2\/users\/33"}],"replies":[{"embeddable":true,"href":"https:\/\/www.sankturban.de\/index.php?rest_route=%2Fwp%2Fv2%2Fcomments&post=12830"}],"version-history":[{"count":2,"href":"https:\/\/www.sankturban.de\/index.php?rest_route=\/wp\/v2\/posts\/12830\/revisions"}],"predecessor-version":[{"id":12833,"href":"https:\/\/www.sankturban.de\/index.php?rest_route=\/wp\/v2\/posts\/12830\/revisions\/12833"}],"wp:attachment":[{"href":"https:\/\/www.sankturban.de\/index.php?rest_route=%2Fwp%2Fv2%2Fmedia&parent=12830"}],"wp:term":[{"taxonomy":"category","embeddable":true,"href":"https:\/\/www.sankturban.de\/index.php?rest_route=%2Fwp%2Fv2%2Fcategories&post=12830"},{"taxonomy":"post_tag","embeddable":true,"href":"https:\/\/www.sankturban.de\/index.php?rest_route=%2Fwp%2Fv2%2Ftags&post=12830"}],"curies":[{"name":"wp","href":"https:\/\/api.w.org\/{rel}","templated":true}]}}