{"id":12279,"date":"2022-12-30T08:23:17","date_gmt":"2022-12-30T07:23:17","guid":{"rendered":"https:\/\/www.sankturban.de\/?p=12279"},"modified":"2022-12-30T08:23:18","modified_gmt":"2022-12-30T07:23:18","slug":"gebet-fuer-papst-em-benedikt-xvi","status":"publish","type":"post","link":"https:\/\/www.sankturban.de\/?p=12279","title":{"rendered":"Gebet f\u00fcr Papst em. Benedikt XVI."},"content":{"rendered":"\n<p>Papst Franziskus hat bei der Generalaudienz auf dem Petersplatz in Rom die Gl\u00e4ubigen aufgerufen, f\u00fcr seinen <a href=\"https:\/\/www.vaticannews.va\/de\/papst\/news\/2022-12\/papst-benedikt-emeritiert-krank-sorge-gebet-vatikan-deutschland.html\">schwer erkrankten Vorg\u00e4nger, Papst em. Benedikt XVI.,<\/a> zu beten. <br \/>Auch unser Bischof schlie\u00dft sich dem Gebet an. <\/p>\n\n\n\n<figure class=\"wp-block-image size-full\"><img loading=\"lazy\" decoding=\"async\" width=\"768\" height=\"960\" src=\"https:\/\/www.sankturban.de\/wp-content\/uploads\/2022\/12\/321274970_1126924181350837_8879052520086067804_n.jpg\" alt=\"\" class=\"wp-image-12280\" srcset=\"https:\/\/www.sankturban.de\/wp-content\/uploads\/2022\/12\/321274970_1126924181350837_8879052520086067804_n.jpg 768w, https:\/\/www.sankturban.de\/wp-content\/uploads\/2022\/12\/321274970_1126924181350837_8879052520086067804_n-240x300.jpg 240w\" sizes=\"auto, (max-width: 768px) 100vw, 768px\" \/><\/figure>\n","protected":false},"excerpt":{"rendered":"<p>Papst Franziskus hat bei der Generalaudienz auf dem Petersplatz in Rom die Gl\u00e4ubigen aufgerufen, f\u00fcr seinen schwer erkrankten Vorg\u00e4nger, Papst em. Benedikt XVI., zu beten. Auch unser Bischof schlie\u00dft sich dem Gebet an.<\/p>\n","protected":false},"author":33,"featured_media":0,"comment_status":"closed","ping_status":"closed","sticky":false,"template":"","format":"standard","meta":{"footnotes":""},"categories":[67],"tags":[],"class_list":["post-12279","post","type-post","status-publish","format-standard","hentry","category-news"],"_links":{"self":[{"href":"https:\/\/www.sankturban.de\/index.php?rest_route=\/wp\/v2\/posts\/12279","targetHints":{"allow":["GET"]}}],"collection":[{"href":"https:\/\/www.sankturban.de\/index.php?rest_route=\/wp\/v2\/posts"}],"about":[{"href":"https:\/\/www.sankturban.de\/index.php?rest_route=\/wp\/v2\/types\/post"}],"author":[{"embeddable":true,"href":"https:\/\/www.sankturban.de\/index.php?rest_route=\/wp\/v2\/users\/33"}],"replies":[{"embeddable":true,"href":"https:\/\/www.sankturban.de\/index.php?rest_route=%2Fwp%2Fv2%2Fcomments&post=12279"}],"version-history":[{"count":1,"href":"https:\/\/www.sankturban.de\/index.php?rest_route=\/wp\/v2\/posts\/12279\/revisions"}],"predecessor-version":[{"id":12281,"href":"https:\/\/www.sankturban.de\/index.php?rest_route=\/wp\/v2\/posts\/12279\/revisions\/12281"}],"wp:attachment":[{"href":"https:\/\/www.sankturban.de\/index.php?rest_route=%2Fwp%2Fv2%2Fmedia&parent=12279"}],"wp:term":[{"taxonomy":"category","embeddable":true,"href":"https:\/\/www.sankturban.de\/index.php?rest_route=%2Fwp%2Fv2%2Fcategories&post=12279"},{"taxonomy":"post_tag","embeddable":true,"href":"https:\/\/www.sankturban.de\/index.php?rest_route=%2Fwp%2Fv2%2Ftags&post=12279"}],"curies":[{"name":"wp","href":"https:\/\/api.w.org\/{rel}","templated":true}]}}