{"id":12211,"date":"2022-12-11T16:01:19","date_gmt":"2022-12-11T15:01:19","guid":{"rendered":"https:\/\/www.sankturban.de\/?p=12211"},"modified":"2022-12-12T12:07:19","modified_gmt":"2022-12-12T11:07:19","slug":"gloria-quintett-gestaltet-vorabendmesse-zum-4-adventssonntag","status":"publish","type":"post","link":"https:\/\/www.sankturban.de\/?p=12211","title":{"rendered":"&#8222;Gloria-Quintett&#8220; gestaltet Vorabendmesse zum Vierten Adventssonntag"},"content":{"rendered":"<div class=\"wp-block-image\">\n<figure class=\"alignleft size-full is-resized\"><img loading=\"lazy\" decoding=\"async\" src=\"https:\/\/www.sankturban.de\/wp-content\/uploads\/2022\/12\/Gloriastuttgart.jpg\" alt=\"\" class=\"wp-image-12212\" width=\"394\" height=\"349\" srcset=\"https:\/\/www.sankturban.de\/wp-content\/uploads\/2022\/12\/Gloriastuttgart.jpg 866w, https:\/\/www.sankturban.de\/wp-content\/uploads\/2022\/12\/Gloriastuttgart-300x266.jpg 300w, https:\/\/www.sankturban.de\/wp-content\/uploads\/2022\/12\/Gloriastuttgart-768x681.jpg 768w\" sizes=\"auto, (max-width: 394px) 100vw, 394px\" \/><\/figure>\n<\/div>\n\n\n<p>Beim Katholikentag begeisterten die f\u00fcnf jungen Musiker aus Meckenbeuren nicht nur Bischof Gebhard F\u00fcrst: Nun kommt das Original Gloria-Quintett aus Obermeckenbeuren (Bodenseekreis) zur\u00fcck nach Stuttgart und gestaltet musikalisch den Vorabendgottesdienst am 17. Dezember um 18 Uhr in der St. Markus-Kirche Hedelfingen (Otto-Hirsch-Br\u00fccken 20) mit. <\/p>\n\n\n\n<!--more-->\n\n\n\n<p>Herzliche Einladung, vertraute Adventslieder als &#8222;frische Blasmusik&#8220; von 5 jungen Musikern vom Bodensee zu erleben, die aus der Heimatgemeinde von Pfarrer Andreas G\u00e4lle stammen. An der Orgel wird Thomas Matla den Gottesdienst mitgestalten. <br \/>Im Anschluss gibt es Gl\u00fchwein und Punsch auf dem Kirchplatz.<\/p>\n\n\n\n<figure class=\"wp-block-gallery has-nested-images columns-default is-cropped wp-block-gallery-1 is-layout-flex wp-block-gallery-is-layout-flex\">\n<figure class=\"wp-block-image size-large\"><a href=\"https:\/\/www.sankturban.de\/wp-content\/uploads\/2022\/12\/284221604_10159882228679259_4230219988577645476_n.jpg\"><img loading=\"lazy\" decoding=\"async\" width=\"937\" height=\"1024\" data-id=\"12213\" src=\"https:\/\/www.sankturban.de\/wp-content\/uploads\/2022\/12\/284221604_10159882228679259_4230219988577645476_n-937x1024.jpg\" alt=\"\" class=\"wp-image-12213\" srcset=\"https:\/\/www.sankturban.de\/wp-content\/uploads\/2022\/12\/284221604_10159882228679259_4230219988577645476_n-937x1024.jpg 937w, https:\/\/www.sankturban.de\/wp-content\/uploads\/2022\/12\/284221604_10159882228679259_4230219988577645476_n-275x300.jpg 275w, https:\/\/www.sankturban.de\/wp-content\/uploads\/2022\/12\/284221604_10159882228679259_4230219988577645476_n-768x839.jpg 768w, https:\/\/www.sankturban.de\/wp-content\/uploads\/2022\/12\/284221604_10159882228679259_4230219988577645476_n-1406x1536.jpg 1406w, https:\/\/www.sankturban.de\/wp-content\/uploads\/2022\/12\/284221604_10159882228679259_4230219988577645476_n-1320x1442.jpg 1320w, https:\/\/www.sankturban.de\/wp-content\/uploads\/2022\/12\/284221604_10159882228679259_4230219988577645476_n.jpg 1728w\" sizes=\"auto, (max-width: 937px) 100vw, 937px\" \/><\/a><\/figure>\n\n\n\n<figure class=\"wp-block-image size-large\"><a href=\"https:\/\/www.sankturban.de\/wp-content\/uploads\/2022\/12\/283593942_10159883143164259_7573033056490373941_n.jpg\"><img loading=\"lazy\" decoding=\"async\" width=\"1024\" height=\"768\" data-id=\"12215\" src=\"https:\/\/www.sankturban.de\/wp-content\/uploads\/2022\/12\/283593942_10159883143164259_7573033056490373941_n-1024x768.jpg\" alt=\"\" class=\"wp-image-12215\" srcset=\"https:\/\/www.sankturban.de\/wp-content\/uploads\/2022\/12\/283593942_10159883143164259_7573033056490373941_n-1024x768.jpg 1024w, https:\/\/www.sankturban.de\/wp-content\/uploads\/2022\/12\/283593942_10159883143164259_7573033056490373941_n-300x225.jpg 300w, https:\/\/www.sankturban.de\/wp-content\/uploads\/2022\/12\/283593942_10159883143164259_7573033056490373941_n-768x576.jpg 768w, https:\/\/www.sankturban.de\/wp-content\/uploads\/2022\/12\/283593942_10159883143164259_7573033056490373941_n-1536x1152.jpg 1536w, https:\/\/www.sankturban.de\/wp-content\/uploads\/2022\/12\/283593942_10159883143164259_7573033056490373941_n-1320x990.jpg 1320w, https:\/\/www.sankturban.de\/wp-content\/uploads\/2022\/12\/283593942_10159883143164259_7573033056490373941_n.jpg 2048w\" sizes=\"auto, (max-width: 1024px) 100vw, 1024px\" \/><\/a><\/figure>\n\n\n\n<figure class=\"wp-block-image size-large\"><a href=\"https:\/\/www.sankturban.de\/wp-content\/uploads\/2022\/12\/282040233_10159882228909259_7897633861586644005_n.jpg\"><img loading=\"lazy\" decoding=\"async\" width=\"1024\" height=\"768\" data-id=\"12214\" src=\"https:\/\/www.sankturban.de\/wp-content\/uploads\/2022\/12\/282040233_10159882228909259_7897633861586644005_n-1024x768.jpg\" alt=\"\" class=\"wp-image-12214\" srcset=\"https:\/\/www.sankturban.de\/wp-content\/uploads\/2022\/12\/282040233_10159882228909259_7897633861586644005_n-1024x768.jpg 1024w, https:\/\/www.sankturban.de\/wp-content\/uploads\/2022\/12\/282040233_10159882228909259_7897633861586644005_n-300x225.jpg 300w, https:\/\/www.sankturban.de\/wp-content\/uploads\/2022\/12\/282040233_10159882228909259_7897633861586644005_n-768x576.jpg 768w, https:\/\/www.sankturban.de\/wp-content\/uploads\/2022\/12\/282040233_10159882228909259_7897633861586644005_n-1536x1152.jpg 1536w, https:\/\/www.sankturban.de\/wp-content\/uploads\/2022\/12\/282040233_10159882228909259_7897633861586644005_n-1320x990.jpg 1320w, https:\/\/www.sankturban.de\/wp-content\/uploads\/2022\/12\/282040233_10159882228909259_7897633861586644005_n.jpg 2048w\" sizes=\"auto, (max-width: 1024px) 100vw, 1024px\" \/><\/a><\/figure>\n<\/figure>\n","protected":false},"excerpt":{"rendered":"<p>Beim Katholikentag begeisterten die f\u00fcnf jungen Musiker aus Meckenbeuren nicht nur Bischof Gebhard F\u00fcrst: Nun kommt das Original Gloria-Quintett aus Obermeckenbeuren (Bodenseekreis) zur\u00fcck nach Stuttgart und gestaltet musikalisch den Vorabendgottesdienst am 17. Dezember um 18 Uhr in der St. Markus-Kirche &hellip; <a href=\"https:\/\/www.sankturban.de\/?p=12211\">Weiterlesen <span class=\"meta-nav\">&rarr;<\/span><\/a><\/p>\n","protected":false},"author":33,"featured_media":0,"comment_status":"closed","ping_status":"closed","sticky":false,"template":"","format":"standard","meta":{"footnotes":""},"categories":[7,8],"tags":[],"class_list":["post-12211","post","type-post","status-publish","format-standard","hentry","category-st-markus","category-startseite"],"_links":{"self":[{"href":"https:\/\/www.sankturban.de\/index.php?rest_route=\/wp\/v2\/posts\/12211","targetHints":{"allow":["GET"]}}],"collection":[{"href":"https:\/\/www.sankturban.de\/index.php?rest_route=\/wp\/v2\/posts"}],"about":[{"href":"https:\/\/www.sankturban.de\/index.php?rest_route=\/wp\/v2\/types\/post"}],"author":[{"embeddable":true,"href":"https:\/\/www.sankturban.de\/index.php?rest_route=\/wp\/v2\/users\/33"}],"replies":[{"embeddable":true,"href":"https:\/\/www.sankturban.de\/index.php?rest_route=%2Fwp%2Fv2%2Fcomments&post=12211"}],"version-history":[{"count":2,"href":"https:\/\/www.sankturban.de\/index.php?rest_route=\/wp\/v2\/posts\/12211\/revisions"}],"predecessor-version":[{"id":12218,"href":"https:\/\/www.sankturban.de\/index.php?rest_route=\/wp\/v2\/posts\/12211\/revisions\/12218"}],"wp:attachment":[{"href":"https:\/\/www.sankturban.de\/index.php?rest_route=%2Fwp%2Fv2%2Fmedia&parent=12211"}],"wp:term":[{"taxonomy":"category","embeddable":true,"href":"https:\/\/www.sankturban.de\/index.php?rest_route=%2Fwp%2Fv2%2Fcategories&post=12211"},{"taxonomy":"post_tag","embeddable":true,"href":"https:\/\/www.sankturban.de\/index.php?rest_route=%2Fwp%2Fv2%2Ftags&post=12211"}],"curies":[{"name":"wp","href":"https:\/\/api.w.org\/{rel}","templated":true}]}}