{"id":12156,"date":"2022-11-30T17:21:34","date_gmt":"2022-11-30T16:21:34","guid":{"rendered":"https:\/\/www.sankturban.de\/?p=12156"},"modified":"2022-12-01T08:35:47","modified_gmt":"2022-12-01T07:35:47","slug":"spendenaktion-in-st-franziskis-beginnt","status":"publish","type":"post","link":"https:\/\/www.sankturban.de\/?p=12156","title":{"rendered":"Spendenaktion in St. Franziskus beginnt"},"content":{"rendered":"\n<p><strong>Die wichtigsten Fragen und Antworten zur <a href=\"https:\/\/www.sankturban.de\/wp-content\/uploads\/2022\/11\/KFR_Weihnachtsspenden_Aktion.pdf\">Spendenaktion<\/a>:<\/strong><\/p>\n\n\n\n<p><strong>Wof\u00fcr sammeln wir die Spenden?<br \/><\/strong>F\u00fcr unser Kirchendach, eine Photovoltaikanlage, das Gemeindezentrum, neue Pfadfinder-R\u00e4ume und ein barrierefreies Gemeindezentrum:<br \/>damit wollen wir unsere katholische Kirchengemeinde in Obert\u00fcrkheim fit f\u00fcr die Zukunft machen.<\/p>\n\n\n\n<p><strong>Wieso muss das Kirchendach renoviert werden?<br \/><\/strong>Die Ziegel l\u00f6sen sich, da sie durch eindringende Feuchtigkeit besch\u00e4digt wurden. Der Dachstuhl muss verst\u00e4rkt werden.<br \/>Bei der Gelegenheit wollen wir auch gleich eine Photovoltaikanlage auf das Dach bauen.<\/p>\n\n\n<div class=\"wp-block-image\">\n<figure class=\"alignright size-large is-resized\"><img loading=\"lazy\" decoding=\"async\" src=\"https:\/\/www.sankturban.de\/wp-content\/uploads\/2022\/11\/sf2-1024x683.jpeg\" alt=\"\" class=\"wp-image-12166\" width=\"449\" height=\"299\" srcset=\"https:\/\/www.sankturban.de\/wp-content\/uploads\/2022\/11\/sf2-1024x683.jpeg 1024w, https:\/\/www.sankturban.de\/wp-content\/uploads\/2022\/11\/sf2-300x200.jpeg 300w, https:\/\/www.sankturban.de\/wp-content\/uploads\/2022\/11\/sf2-768x512.jpeg 768w, https:\/\/www.sankturban.de\/wp-content\/uploads\/2022\/11\/sf2-1536x1025.jpeg 1536w, https:\/\/www.sankturban.de\/wp-content\/uploads\/2022\/11\/sf2-1320x880.jpeg 1320w, https:\/\/www.sankturban.de\/wp-content\/uploads\/2022\/11\/sf2.jpeg 2048w\" sizes=\"auto, (max-width: 449px) 100vw, 449px\" \/><\/figure>\n<\/div>\n\n\n<p><strong>Wozu das Ganze, das Kirchengeb\u00e4ude ist ja eh die meiste Zeit leer?<br \/><\/strong>Wir feiern an Sonn- und Feiertagen Gottesdienste, jeden Dienstag findet ein Werktagsgottesdienst statt und einmal im Monat ein Samstagabendgottesdienst.<br \/>So feiern wir mehr als 130 Gottesdienste im Jahr.<br \/>Die Kirche ist zudem jeden Tag ge\u00f6ffnet. Viele Besucher nutzen diese Gelegenheit, beten f\u00fcr sich, genie\u00dfen die Stille und z\u00fcnden eine Kerze an.<br \/>Auch die R\u00e4ume unter der Kirche, unser Gemeindezentrum, werden vielf\u00e4ltig und oft genutzt.<\/p>\n\n\n\n<p><strong>Was findet alles im Gemeindezentrum statt?<br \/><\/strong>Gemeindefeste z. B. am Patrozinium, Fastenessen, Sommergrillfest, Kindergartensommerfest<br \/>Kirchengemeinderats- und Gremiensitzungen<br \/>\u00d6kumenische Veranstaltungen<br \/>Erstkommunion-Gruppenstunden, Firmvorbereitung<br \/>Krippenspielproben, Sternsingerproben<br \/>Sonntagsmaler<br \/>Unsere Kindertagesst\u00e4tte nutzt die R\u00e4ume f\u00fcrs Turnen und Basteln<br \/>Ab 2024 Pfadi-Gruppenstunden (35 Kinder, 15 Gruppenleiter, 5 Gruppen, insgesamt 180 Gruppenstunden + Vorbereitungs- und Planungsstunden)<br \/><br \/><strong>Was soll im Gemeindezentrum renoviert\/ umgebaut werden?<br \/><\/strong>Gruppen- und Lagerr\u00e4ume f\u00fcr Pfadfinder (Zelte, sonstige Zeltlagerausr\u00fcstung, Bastelmaterial und Spiele f\u00fcr Gruppenstunden)<br \/>Barrierefreie Toiletten sollen eingebaut werden<br \/><br \/><strong>Auch wir haben uns gefragt: Lohnt sich das \u00fcberhaupt?<br \/><\/strong>Unsere Kirchengemeinde ist ein wichtiger Anlaufpunkt im Stadtbezirk.<br \/>Eine Sanierung des Daches ist unausweichlich. Ohne Sanierung des Daches ist der gesamte Geb\u00e4udekomplex nicht zukunftsf\u00e4hig.<br \/>Wir wollen f\u00fcr die Zukunft gut aufgestellt sein und durch die PV-Anlage einen Beitrag zum Klimaschutz leisten.<br \/>Da die Geb\u00e4udesubstanz ansonsten noch sehr gut ist, hat der Kirchengemeinderat intensiv diskutiert und abgewogen und sich schlie\u00dflich entschlossen die geplante Sanierung anzugehen.<br \/><br \/><strong>Wie setzt sich die Finanzierung zusammen?<br \/><\/strong>Die Kosten teilen sich die Kirchengemeinde, die Gesamtkirchengemeinde und das Stadtdekanat. Auch die Di\u00f6zese bezuschusst die Sanierung. Ein Teil der Ma\u00dfnahmen&nbsp; wird durch Spenden finanziert.<\/p>\n\n\n\n<figure class=\"wp-block-image size-large\"><img loading=\"lazy\" decoding=\"async\" width=\"1024\" height=\"683\" src=\"https:\/\/www.sankturban.de\/wp-content\/uploads\/2022\/11\/Sf1-1024x683.jpeg\" alt=\"\" class=\"wp-image-12167\" srcset=\"https:\/\/www.sankturban.de\/wp-content\/uploads\/2022\/11\/Sf1-1024x683.jpeg 1024w, https:\/\/www.sankturban.de\/wp-content\/uploads\/2022\/11\/Sf1-300x200.jpeg 300w, https:\/\/www.sankturban.de\/wp-content\/uploads\/2022\/11\/Sf1-768x512.jpeg 768w, https:\/\/www.sankturban.de\/wp-content\/uploads\/2022\/11\/Sf1-1536x1024.jpeg 1536w, https:\/\/www.sankturban.de\/wp-content\/uploads\/2022\/11\/Sf1-1320x880.jpeg 1320w, https:\/\/www.sankturban.de\/wp-content\/uploads\/2022\/11\/Sf1.jpeg 2048w\" sizes=\"auto, (max-width: 1024px) 100vw, 1024px\" \/><figcaption class=\"wp-element-caption\"><em>Das &#8222;Kernteam Fundraising&#8220; k\u00fcmmert sich um die Spendenaktion und hat ein offenes Ohr f\u00fcr die Anliegen.<\/em><\/figcaption><\/figure>\n\n\n\n<p><strong>Was ist das Besondere an unserer Kirche?<br \/><\/strong>Unsere Kirche ist ein Treffpunkt f\u00fcr viele Menschen, der Glaube verbindet uns \u00fcber Generationen und Nationalit\u00e4ten.<br \/>Wir genie\u00dfen den Austausch und das Beisammensein bei Gemeindefesten oder stehen einfach nach dem Gottesdienst beisammen und unterhalten uns.<br \/>Uns eint der Wunsch, Gutes und etwas f\u00fcr die Gemeinschaft zu tun.<br \/>Um den Gottesdienst und das Gemeindeleben zu etwas Besonderem zu machen setzten wir viele Projekte um und musizieren gemeinsam.<\/p>\n\n\n<div class=\"wp-block-image\">\n<figure class=\"alignright size-large is-resized\"><img loading=\"lazy\" decoding=\"async\" src=\"https:\/\/www.sankturban.de\/wp-content\/uploads\/2022\/11\/sf3-1024x683.jpeg\" alt=\"\" class=\"wp-image-12164\" width=\"431\" height=\"287\" srcset=\"https:\/\/www.sankturban.de\/wp-content\/uploads\/2022\/11\/sf3-1024x683.jpeg 1024w, https:\/\/www.sankturban.de\/wp-content\/uploads\/2022\/11\/sf3-300x200.jpeg 300w, https:\/\/www.sankturban.de\/wp-content\/uploads\/2022\/11\/sf3-768x512.jpeg 768w, https:\/\/www.sankturban.de\/wp-content\/uploads\/2022\/11\/sf3-1536x1024.jpeg 1536w, https:\/\/www.sankturban.de\/wp-content\/uploads\/2022\/11\/sf3-1320x880.jpeg 1320w, https:\/\/www.sankturban.de\/wp-content\/uploads\/2022\/11\/sf3.jpeg 2048w\" sizes=\"auto, (max-width: 431px) 100vw, 431px\" \/><\/figure>\n<\/div>\n\n\n<p><strong>Wer hat das alles entschieden?<br \/><\/strong>Die Notwendigkeit der Dachsanierung zeichnete sich schon l\u00e4nger ab.<br \/>Die Verwaltung des Stadtdekanats hat die Ma\u00dfnahme vorgeplant und Zusch\u00fcsse beantragt, das Architekturb\u00fcro Mink \u00fcbernimmt die Planung und Bauleitung.<br \/>Der Kirchengemeinderat St. Franziskus, der Gesamtkirchengemeinderat St. Urban und der Stadtdekanatsrat haben der Sanierung zugestimmt.<br \/><strong><br \/>K\u00f6nnen trotz Renovierung Gottesdienste in der Kirche gefeiert werden?<br \/><\/strong>Ja.<\/p>\n\n\n\n<p><strong>Wie kann man <a href=\"https:\/\/www.sankturban.de\/wp-content\/uploads\/2022\/11\/KFR_Weihnachtsspenden_Aktion.pdf\">die Spendenaktion<\/a> unterst\u00fctzen?<br \/><\/strong>F\u00fcr 50\u20ac kann man eine Patenschaft f\u00fcr einen qm Dachfl\u00e4che \u00fcbernehmen.<br \/>Die Patenschaft f\u00fcr einen qm Photovoltaikanlage kostet 100\u20ac.<br \/>Die Patenschaften k\u00f6nnen auch verschenkt werden.<\/p>\n\n\n\n<ul class=\"wp-block-list\">\n<li><a href=\"https:\/\/www.sankturban.de\/wp-content\/uploads\/2022\/11\/KFR_Weihnachtsspenden_Aktion.pdf\">Zum Formular Patenschaft<\/a><\/li>\n<\/ul>\n\n\n\n<p><br \/>Nat\u00fcrlich kann auch jeder andere Betrag \u00fcberwiesen werden:<br \/>Gesamtkirchengemeinde St. Urban IBAN: DE48 6005 0101 0008 1316 72;<br \/>Verwendungszweck: Patenschaft Dach \/PV<br \/>F\u00fcr Ihre Spende bekommen Sie in jedem Fall eine Spendenbescheinigung.<\/p>\n\n\n\n<p><\/p>\n\n\n\n<figure class=\"wp-block-image size-large\"><img loading=\"lazy\" decoding=\"async\" width=\"1024\" height=\"768\" src=\"https:\/\/www.sankturban.de\/wp-content\/uploads\/2022\/11\/sf4-4-1024x768.jpg\" alt=\"\" class=\"wp-image-12182\" srcset=\"https:\/\/www.sankturban.de\/wp-content\/uploads\/2022\/11\/sf4-4-1024x768.jpg 1024w, https:\/\/www.sankturban.de\/wp-content\/uploads\/2022\/11\/sf4-4-300x225.jpg 300w, https:\/\/www.sankturban.de\/wp-content\/uploads\/2022\/11\/sf4-4-768x576.jpg 768w, https:\/\/www.sankturban.de\/wp-content\/uploads\/2022\/11\/sf4-4-1536x1152.jpg 1536w, https:\/\/www.sankturban.de\/wp-content\/uploads\/2022\/11\/sf4-4-scaled.jpg 2048w, https:\/\/www.sankturban.de\/wp-content\/uploads\/2022\/11\/sf4-4-1320x990.jpg 1320w\" sizes=\"auto, (max-width: 1024px) 100vw, 1024px\" \/><\/figure>\n","protected":false},"excerpt":{"rendered":"<p>Die wichtigsten Fragen und Antworten zur Spendenaktion: Wof\u00fcr sammeln wir die Spenden?F\u00fcr unser Kirchendach, eine Photovoltaikanlage, das Gemeindezentrum, neue Pfadfinder-R\u00e4ume und ein barrierefreies Gemeindezentrum:damit wollen wir unsere katholische Kirchengemeinde in Obert\u00fcrkheim fit f\u00fcr die Zukunft machen. Wieso muss das Kirchendach &hellip; <a href=\"https:\/\/www.sankturban.de\/?p=12156\">Weiterlesen <span class=\"meta-nav\">&rarr;<\/span><\/a><\/p>\n","protected":false},"author":33,"featured_media":0,"comment_status":"closed","ping_status":"closed","sticky":false,"template":"","format":"gallery","meta":{"footnotes":""},"categories":[67,5],"tags":[],"class_list":["post-12156","post","type-post","status-publish","format-gallery","hentry","category-news","category-st-franziskus","post_format-post-format-gallery"],"_links":{"self":[{"href":"https:\/\/www.sankturban.de\/index.php?rest_route=\/wp\/v2\/posts\/12156","targetHints":{"allow":["GET"]}}],"collection":[{"href":"https:\/\/www.sankturban.de\/index.php?rest_route=\/wp\/v2\/posts"}],"about":[{"href":"https:\/\/www.sankturban.de\/index.php?rest_route=\/wp\/v2\/types\/post"}],"author":[{"embeddable":true,"href":"https:\/\/www.sankturban.de\/index.php?rest_route=\/wp\/v2\/users\/33"}],"replies":[{"embeddable":true,"href":"https:\/\/www.sankturban.de\/index.php?rest_route=%2Fwp%2Fv2%2Fcomments&post=12156"}],"version-history":[{"count":15,"href":"https:\/\/www.sankturban.de\/index.php?rest_route=\/wp\/v2\/posts\/12156\/revisions"}],"predecessor-version":[{"id":12187,"href":"https:\/\/www.sankturban.de\/index.php?rest_route=\/wp\/v2\/posts\/12156\/revisions\/12187"}],"wp:attachment":[{"href":"https:\/\/www.sankturban.de\/index.php?rest_route=%2Fwp%2Fv2%2Fmedia&parent=12156"}],"wp:term":[{"taxonomy":"category","embeddable":true,"href":"https:\/\/www.sankturban.de\/index.php?rest_route=%2Fwp%2Fv2%2Fcategories&post=12156"},{"taxonomy":"post_tag","embeddable":true,"href":"https:\/\/www.sankturban.de\/index.php?rest_route=%2Fwp%2Fv2%2Ftags&post=12156"}],"curies":[{"name":"wp","href":"https:\/\/api.w.org\/{rel}","templated":true}]}}