{"id":11939,"date":"2022-10-07T10:01:35","date_gmt":"2022-10-07T09:01:35","guid":{"rendered":"https:\/\/www.sankturban.de\/?p=11939"},"modified":"2022-10-07T10:01:37","modified_gmt":"2022-10-07T09:01:37","slug":"familienzentrum-feiert-einweihung-nach-renovierung","status":"publish","type":"post","link":"https:\/\/www.sankturban.de\/?p=11939","title":{"rendered":"Familienzentrum feiert Einweihung nach Renovierung"},"content":{"rendered":"\n<figure class=\"wp-block-image size-large\"><img loading=\"lazy\" decoding=\"async\" width=\"1024\" height=\"506\" src=\"https:\/\/www.sankturban.de\/wp-content\/uploads\/2022\/10\/IMG_9133-2-1024x506.jpg\" alt=\"\" class=\"wp-image-11940\" srcset=\"https:\/\/www.sankturban.de\/wp-content\/uploads\/2022\/10\/IMG_9133-2-1024x506.jpg 1024w, https:\/\/www.sankturban.de\/wp-content\/uploads\/2022\/10\/IMG_9133-2-300x148.jpg 300w, https:\/\/www.sankturban.de\/wp-content\/uploads\/2022\/10\/IMG_9133-2-768x379.jpg 768w, https:\/\/www.sankturban.de\/wp-content\/uploads\/2022\/10\/IMG_9133-2-1536x759.jpg 1536w, https:\/\/www.sankturban.de\/wp-content\/uploads\/2022\/10\/IMG_9133-2-scaled.jpg 2048w, https:\/\/www.sankturban.de\/wp-content\/uploads\/2022\/10\/IMG_9133-2-1320x652.jpg 1320w\" sizes=\"auto, (max-width: 1024px) 100vw, 1024px\" \/><\/figure>\n\n\n\n<p>Am Freitag, den 30.September 2022, konnten wir die Familien undKooperationsparter des Katholischen Kinder- und Familienzentrums St. Markus bei strahlendem Sonnenschein in unserem Hof begr\u00fc\u00dfen.Bei einem kleinen Gottesdienst segnete Pfarrer Andreas G\u00e4lleunsere frisch renovierten Kitar\u00e4ume und wir begleiteten, gemeinsammit den Kindern, musikalisch. Im Anschluss feierten wir mit allengemeinsam bei K\u00fcrbissuppe, kleinen S\u00fc\u00dfigkeiten und gutenGespr\u00e4chen. Die neuen R\u00e4umlichkeiten konnten erkundet werden undes wurde auch das Spielzeug getestet. Wir danken allen, die mituns an diesem wundersch\u00f6nen Herbsttag gefeiert haben und freuenuns auch in Zukunft auf einen tollen Austausch mit ihnen bei denAngeboten des Katholischen Kinder- und Familienzentrums.<\/p>\n\n\n\n<p>(Larissa Zurm\u00fchlen, Leitung)<\/p>\n","protected":false},"excerpt":{"rendered":"<p>Am Freitag, den 30.September 2022, konnten wir die Familien undKooperationsparter des Katholischen Kinder- und Familienzentrums St. Markus bei strahlendem Sonnenschein in unserem Hof begr\u00fc\u00dfen.Bei einem kleinen Gottesdienst segnete Pfarrer Andreas G\u00e4lleunsere frisch renovierten Kitar\u00e4ume und wir begleiteten, gemeinsammit den Kindern, &hellip; <a href=\"https:\/\/www.sankturban.de\/?p=11939\">Weiterlesen <span class=\"meta-nav\">&rarr;<\/span><\/a><\/p>\n","protected":false},"author":33,"featured_media":0,"comment_status":"closed","ping_status":"closed","sticky":false,"template":"","format":"standard","meta":{"footnotes":""},"categories":[67,7],"tags":[],"class_list":["post-11939","post","type-post","status-publish","format-standard","hentry","category-news","category-st-markus"],"_links":{"self":[{"href":"https:\/\/www.sankturban.de\/index.php?rest_route=\/wp\/v2\/posts\/11939","targetHints":{"allow":["GET"]}}],"collection":[{"href":"https:\/\/www.sankturban.de\/index.php?rest_route=\/wp\/v2\/posts"}],"about":[{"href":"https:\/\/www.sankturban.de\/index.php?rest_route=\/wp\/v2\/types\/post"}],"author":[{"embeddable":true,"href":"https:\/\/www.sankturban.de\/index.php?rest_route=\/wp\/v2\/users\/33"}],"replies":[{"embeddable":true,"href":"https:\/\/www.sankturban.de\/index.php?rest_route=%2Fwp%2Fv2%2Fcomments&post=11939"}],"version-history":[{"count":1,"href":"https:\/\/www.sankturban.de\/index.php?rest_route=\/wp\/v2\/posts\/11939\/revisions"}],"predecessor-version":[{"id":11941,"href":"https:\/\/www.sankturban.de\/index.php?rest_route=\/wp\/v2\/posts\/11939\/revisions\/11941"}],"wp:attachment":[{"href":"https:\/\/www.sankturban.de\/index.php?rest_route=%2Fwp%2Fv2%2Fmedia&parent=11939"}],"wp:term":[{"taxonomy":"category","embeddable":true,"href":"https:\/\/www.sankturban.de\/index.php?rest_route=%2Fwp%2Fv2%2Fcategories&post=11939"},{"taxonomy":"post_tag","embeddable":true,"href":"https:\/\/www.sankturban.de\/index.php?rest_route=%2Fwp%2Fv2%2Ftags&post=11939"}],"curies":[{"name":"wp","href":"https:\/\/api.w.org\/{rel}","templated":true}]}}