{"id":11916,"date":"2022-10-04T15:49:11","date_gmt":"2022-10-04T14:49:11","guid":{"rendered":"https:\/\/www.sankturban.de\/?p=11916"},"modified":"2022-10-04T15:49:13","modified_gmt":"2022-10-04T14:49:13","slug":"festgottesdienst-und-mittagessen-zum-patrozinium","status":"publish","type":"post","link":"https:\/\/www.sankturban.de\/?p=11916","title":{"rendered":"Festgottesdienst und Mittagessen zum Patrozinium"},"content":{"rendered":"<div class=\"wp-block-image\">\n<figure class=\"alignleft size-full is-resized\"><img loading=\"lazy\" decoding=\"async\" src=\"https:\/\/www.sankturban.de\/wp-content\/uploads\/2022\/10\/StFrancis_part.jpg\" alt=\"\" class=\"wp-image-11917\" width=\"194\" height=\"270\" srcset=\"https:\/\/www.sankturban.de\/wp-content\/uploads\/2022\/10\/StFrancis_part.jpg 735w, https:\/\/www.sankturban.de\/wp-content\/uploads\/2022\/10\/StFrancis_part-215x300.jpg 215w\" sizes=\"auto, (max-width: 194px) 100vw, 194px\" \/><\/figure>\n<\/div>\n\n\n<p>Der Festgottesdienst zum Patrozinium findet am Sonntag, 9. Oktober, um 10.45 Uhr in der Pfarrkirche St. Franziskus statt. Musikalisch wird er von der Andreaskantorei Obert\u00fcrkheim unter der Leitung von Jakob Reichmann mitgestaltet. <br \/>Herzliche Einladung zur Mitfeier am Fest des Heiligen Franziskus, dem Patron unserer Kirche!<\/p>\n\n\n\n<!--more-->\n\n\n\n<p>Liebe Gemeinde!<br \/>Wir, die Pfadfinder, d\u00fcrfen Sie am diesj\u00e4hrigen Patrozinium wieder mal verk\u00f6stigen. Dazu sind Sie<br \/>alle nach dem Gottesdienst herzlich zum Festessen eingeladen.<br \/>Wann ? 9. Oktober im Anschluss an den Gottesdienst 10:45 Uhr<br \/>Wo ? Gemeindezentrum Sankt Franziskus<br \/>Was ? \u2022 Variante 1: Schweinelende im Bl\u00e4tterteig<br \/>\u2022 Variante 2: Pilz-Wellington (vegetarische Variation von Filet-Wellington)<br \/>\u2022 Kaffee und Kuchen<br \/>Der Erl\u00f6s kommt wie immer der Kinder und Jugendarbeit der Pfadfinder Sankt Franziskus<br \/>Obert\u00fcrkheim zu Gute.<br \/>Wir freuen uns auf Ihr zahlreiches Erscheinen.<\/p>\n\n\n\n<p>Pfadfinderstamm St. Franziskus<\/p>\n\n\n\n<p><\/p>\n\n\n\n<p>(Bild: Das \u00e4lteste, 1228 entstandene Bild Franziskus\u2019 von Assisi, Fresko im Sacro Speco in Subiaco.)<\/p>\n","protected":false},"excerpt":{"rendered":"<p>Der Festgottesdienst zum Patrozinium findet am Sonntag, 9. Oktober, um 10.45 Uhr in der Pfarrkirche St. Franziskus statt. Musikalisch wird er von der Andreaskantorei Obert\u00fcrkheim unter der Leitung von Jakob Reichmann mitgestaltet. Herzliche Einladung zur Mitfeier am Fest des Heiligen &hellip; <a href=\"https:\/\/www.sankturban.de\/?p=11916\">Weiterlesen <span class=\"meta-nav\">&rarr;<\/span><\/a><\/p>\n","protected":false},"author":33,"featured_media":0,"comment_status":"closed","ping_status":"closed","sticky":false,"template":"","format":"standard","meta":{"footnotes":""},"categories":[5,8],"tags":[],"class_list":["post-11916","post","type-post","status-publish","format-standard","hentry","category-st-franziskus","category-startseite"],"_links":{"self":[{"href":"https:\/\/www.sankturban.de\/index.php?rest_route=\/wp\/v2\/posts\/11916","targetHints":{"allow":["GET"]}}],"collection":[{"href":"https:\/\/www.sankturban.de\/index.php?rest_route=\/wp\/v2\/posts"}],"about":[{"href":"https:\/\/www.sankturban.de\/index.php?rest_route=\/wp\/v2\/types\/post"}],"author":[{"embeddable":true,"href":"https:\/\/www.sankturban.de\/index.php?rest_route=\/wp\/v2\/users\/33"}],"replies":[{"embeddable":true,"href":"https:\/\/www.sankturban.de\/index.php?rest_route=%2Fwp%2Fv2%2Fcomments&post=11916"}],"version-history":[{"count":1,"href":"https:\/\/www.sankturban.de\/index.php?rest_route=\/wp\/v2\/posts\/11916\/revisions"}],"predecessor-version":[{"id":11918,"href":"https:\/\/www.sankturban.de\/index.php?rest_route=\/wp\/v2\/posts\/11916\/revisions\/11918"}],"wp:attachment":[{"href":"https:\/\/www.sankturban.de\/index.php?rest_route=%2Fwp%2Fv2%2Fmedia&parent=11916"}],"wp:term":[{"taxonomy":"category","embeddable":true,"href":"https:\/\/www.sankturban.de\/index.php?rest_route=%2Fwp%2Fv2%2Fcategories&post=11916"},{"taxonomy":"post_tag","embeddable":true,"href":"https:\/\/www.sankturban.de\/index.php?rest_route=%2Fwp%2Fv2%2Ftags&post=11916"}],"curies":[{"name":"wp","href":"https:\/\/api.w.org\/{rel}","templated":true}]}}