{"id":11765,"date":"2022-06-27T18:30:08","date_gmt":"2022-06-27T17:30:08","guid":{"rendered":"https:\/\/www.sankturban.de\/?p=11765"},"modified":"2022-06-27T18:42:14","modified_gmt":"2022-06-27T17:42:14","slug":"freiwilliges-soziales-schuljahr","status":"publish","type":"post","link":"https:\/\/www.sankturban.de\/?p=11765","title":{"rendered":"Freiwilliges soziales Schuljahr"},"content":{"rendered":"\n<div class=\"wp-block-media-text alignwide is-stacked-on-mobile\" style=\"grid-template-columns:15% auto\"><figure class=\"wp-block-media-text__media\"><img loading=\"lazy\" decoding=\"async\" width=\"150\" height=\"150\" src=\"https:\/\/www.sankturban.de\/wp-content\/uploads\/2022\/06\/fssj_Signet_Text_Klein_blau-150x150.jpg\" alt=\"\" class=\"wp-image-11766 size-thumbnail\"\/><\/figure><div class=\"wp-block-media-text__content\">\n<p class=\"has-medium-font-size\">Soziales Engagement f\u00fcr Sch\u00fcler*innen: das \u201efreiwillige soziale\u00a0schuljahr\u201c (fssj)<\/p>\n<\/div><\/div>\n\n\n\n<p><\/p>\n\n\n\n<p>Jugendliche zwischen 12 und 17 Jahren&nbsp;aus Stuttgarter Schulen&nbsp;k\u00f6nnen&nbsp;sich&nbsp;an einem Nachmittag pro Woche&nbsp;ehrenamtlich engagieren, ein halbes oder ein ganzes Schuljahr lang. M\u00f6gliche Einsatzfelder sind zum Beispiel Kinderg\u00e4rten, Grundschulen, Altenheime oder Einrichtungen f\u00fcr Menschen mit Behinderungen. Au\u00dferdem kann auch ein Engagement in der kirchlichen Jugendarbeit oder&nbsp;im&nbsp;Kindergottesdienst&nbsp;als&nbsp;fssj&nbsp;angerechnet werden.&nbsp;<\/p>\n\n\n\n<!--more-->\n\n\n\n<p>Der Einsatz dauert 1,5 bis 2 Stunden pro Woche und am Schuljahresende erhalten die Jugendlichen ein Zertifikat als Bescheinigung.<\/p>\n\n\n\n<p>N\u00e4here Infos gibt es&nbsp;bei&nbsp;Karin Waibel&nbsp;im&nbsp;Freiwilligenzentrum Caleidoskop des Caritasverbandes&nbsp;unter&nbsp;<a href=\"http:\/\/www.fssj-stuttgart.de\/\">www.fssj-stuttgart.de<\/a>&nbsp;oder unter&nbsp;<a href=\"mailto:hejfssj@caritas-stuttgart.de\">hejfssj@caritas-stuttgart.de<\/a>,&nbsp;Tel.&nbsp;0711-213216-76.<\/p>\n","protected":false},"excerpt":{"rendered":"<p>Soziales Engagement f\u00fcr Sch\u00fcler*innen: das \u201efreiwillige soziale\u00a0schuljahr\u201c (fssj) Jugendliche zwischen 12 und 17 Jahren&nbsp;aus Stuttgarter Schulen&nbsp;k\u00f6nnen&nbsp;sich&nbsp;an einem Nachmittag pro Woche&nbsp;ehrenamtlich engagieren, ein halbes oder ein ganzes Schuljahr lang. M\u00f6gliche Einsatzfelder sind zum Beispiel Kinderg\u00e4rten, Grundschulen, Altenheime oder Einrichtungen f\u00fcr Menschen &hellip; <a href=\"https:\/\/www.sankturban.de\/?p=11765\">Weiterlesen <span class=\"meta-nav\">&rarr;<\/span><\/a><\/p>\n","protected":false},"author":1,"featured_media":11766,"comment_status":"closed","ping_status":"closed","sticky":false,"template":"","format":"standard","meta":{"footnotes":""},"categories":[8],"tags":[],"class_list":["post-11765","post","type-post","status-publish","format-standard","has-post-thumbnail","hentry","category-startseite"],"_links":{"self":[{"href":"https:\/\/www.sankturban.de\/index.php?rest_route=\/wp\/v2\/posts\/11765","targetHints":{"allow":["GET"]}}],"collection":[{"href":"https:\/\/www.sankturban.de\/index.php?rest_route=\/wp\/v2\/posts"}],"about":[{"href":"https:\/\/www.sankturban.de\/index.php?rest_route=\/wp\/v2\/types\/post"}],"author":[{"embeddable":true,"href":"https:\/\/www.sankturban.de\/index.php?rest_route=\/wp\/v2\/users\/1"}],"replies":[{"embeddable":true,"href":"https:\/\/www.sankturban.de\/index.php?rest_route=%2Fwp%2Fv2%2Fcomments&post=11765"}],"version-history":[{"count":2,"href":"https:\/\/www.sankturban.de\/index.php?rest_route=\/wp\/v2\/posts\/11765\/revisions"}],"predecessor-version":[{"id":11769,"href":"https:\/\/www.sankturban.de\/index.php?rest_route=\/wp\/v2\/posts\/11765\/revisions\/11769"}],"wp:featuredmedia":[{"embeddable":true,"href":"https:\/\/www.sankturban.de\/index.php?rest_route=\/wp\/v2\/media\/11766"}],"wp:attachment":[{"href":"https:\/\/www.sankturban.de\/index.php?rest_route=%2Fwp%2Fv2%2Fmedia&parent=11765"}],"wp:term":[{"taxonomy":"category","embeddable":true,"href":"https:\/\/www.sankturban.de\/index.php?rest_route=%2Fwp%2Fv2%2Fcategories&post=11765"},{"taxonomy":"post_tag","embeddable":true,"href":"https:\/\/www.sankturban.de\/index.php?rest_route=%2Fwp%2Fv2%2Ftags&post=11765"}],"curies":[{"name":"wp","href":"https:\/\/api.w.org\/{rel}","templated":true}]}}