{"id":11415,"date":"2022-03-31T18:25:15","date_gmt":"2022-03-31T17:25:15","guid":{"rendered":"https:\/\/www.sankturban.de\/?p=11415"},"modified":"2022-03-31T18:25:17","modified_gmt":"2022-03-31T17:25:17","slug":"friedensgebet-am-3-april","status":"publish","type":"post","link":"https:\/\/www.sankturban.de\/?p=11415","title":{"rendered":"Friedensgebet am 3. April"},"content":{"rendered":"\n<div class=\"wp-block-image\"><figure class=\"alignleft size-large is-resized\"><img loading=\"lazy\" decoding=\"async\" src=\"https:\/\/www.sankturban.de\/wp-content\/uploads\/2022\/03\/world-3043067_by_pixel2013_cc0-gemeinfrei_pixabay_pfarrbriefservice-1024x666.jpg\" alt=\"\" class=\"wp-image-11416\" width=\"384\" height=\"250\" srcset=\"https:\/\/www.sankturban.de\/wp-content\/uploads\/2022\/03\/world-3043067_by_pixel2013_cc0-gemeinfrei_pixabay_pfarrbriefservice-1024x666.jpg 1024w, https:\/\/www.sankturban.de\/wp-content\/uploads\/2022\/03\/world-3043067_by_pixel2013_cc0-gemeinfrei_pixabay_pfarrbriefservice-300x195.jpg 300w, https:\/\/www.sankturban.de\/wp-content\/uploads\/2022\/03\/world-3043067_by_pixel2013_cc0-gemeinfrei_pixabay_pfarrbriefservice-768x500.jpg 768w, https:\/\/www.sankturban.de\/wp-content\/uploads\/2022\/03\/world-3043067_by_pixel2013_cc0-gemeinfrei_pixabay_pfarrbriefservice-1320x859.jpg 1320w, https:\/\/www.sankturban.de\/wp-content\/uploads\/2022\/03\/world-3043067_by_pixel2013_cc0-gemeinfrei_pixabay_pfarrbriefservice.jpg 1500w\" sizes=\"auto, (max-width: 384px) 100vw, 384px\" \/><\/figure><\/div>\n\n\n\n<p>Am Sonntag, 3. April, findet das n\u00e4chste Friedensgebet der Gesamtkirchengemeinde St. Urban statt: Um 17 Uhr beginnt der Gottesdienst in der St. Christophorus-Kirche in Stuttgart-Wangen.<\/p>\n\n\n\n<!--more-->\n\n\n\n<ul class=\"wp-block-list\"><li><a href=\"https:\/\/www.sankturban.de\/?p=11226\">Freidensgebete in der Gesamtkirchengemeinde St. Urban<\/a><\/li><li><a href=\"https:\/\/www.drs.de\/ansicht\/artikel\/dioezese-oeffnet-ihre-haeuser-9594.html\">Di\u00f6zese und Kl\u00f6ster \u00f6ffnen ihre H\u00e4user<\/a><\/li><li><a href=\"https:\/\/www.vaticannews.va\/de\/vatikan\/news\/2022-03\/ukraine-papst-franziskus-spende-krankenwagen-krajewski-uebergabe.html\">Papst segnet Krankenwagen f\u00fcr Ukraine<\/a><\/li><\/ul>\n\n\n\n<p><\/p>\n","protected":false},"excerpt":{"rendered":"<p>Am Sonntag, 3. April, findet das n\u00e4chste Friedensgebet der Gesamtkirchengemeinde St. Urban statt: Um 17 Uhr beginnt der Gottesdienst in der St. Christophorus-Kirche in Stuttgart-Wangen.<\/p>\n","protected":false},"author":33,"featured_media":0,"comment_status":"closed","ping_status":"closed","sticky":false,"template":"","format":"standard","meta":{"footnotes":""},"categories":[8],"tags":[],"class_list":["post-11415","post","type-post","status-publish","format-standard","hentry","category-startseite"],"_links":{"self":[{"href":"https:\/\/www.sankturban.de\/index.php?rest_route=\/wp\/v2\/posts\/11415","targetHints":{"allow":["GET"]}}],"collection":[{"href":"https:\/\/www.sankturban.de\/index.php?rest_route=\/wp\/v2\/posts"}],"about":[{"href":"https:\/\/www.sankturban.de\/index.php?rest_route=\/wp\/v2\/types\/post"}],"author":[{"embeddable":true,"href":"https:\/\/www.sankturban.de\/index.php?rest_route=\/wp\/v2\/users\/33"}],"replies":[{"embeddable":true,"href":"https:\/\/www.sankturban.de\/index.php?rest_route=%2Fwp%2Fv2%2Fcomments&post=11415"}],"version-history":[{"count":1,"href":"https:\/\/www.sankturban.de\/index.php?rest_route=\/wp\/v2\/posts\/11415\/revisions"}],"predecessor-version":[{"id":11417,"href":"https:\/\/www.sankturban.de\/index.php?rest_route=\/wp\/v2\/posts\/11415\/revisions\/11417"}],"wp:attachment":[{"href":"https:\/\/www.sankturban.de\/index.php?rest_route=%2Fwp%2Fv2%2Fmedia&parent=11415"}],"wp:term":[{"taxonomy":"category","embeddable":true,"href":"https:\/\/www.sankturban.de\/index.php?rest_route=%2Fwp%2Fv2%2Fcategories&post=11415"},{"taxonomy":"post_tag","embeddable":true,"href":"https:\/\/www.sankturban.de\/index.php?rest_route=%2Fwp%2Fv2%2Ftags&post=11415"}],"curies":[{"name":"wp","href":"https:\/\/api.w.org\/{rel}","templated":true}]}}