{"id":11226,"date":"2022-03-04T12:04:38","date_gmt":"2022-03-04T11:04:38","guid":{"rendered":"https:\/\/www.sankturban.de\/?p=11226"},"modified":"2022-05-20T14:21:02","modified_gmt":"2022-05-20T13:21:02","slug":"freidensgebete-in-der-gesamtkirchengemeinde","status":"publish","type":"post","link":"https:\/\/www.sankturban.de\/?p=11226","title":{"rendered":"Friedensgebete in der Gesamtkirchengemeinde"},"content":{"rendered":"\n<p>An den kommenden Sonntagen laden wir herzlich zu den Friedensgebeten in unseren Kirchen ein:.<\/p>\n\n\n\n<p><a href=\"https:\/\/www.sankturban.de\/?p=11198\">Sonntag, 27.2.,17 Uhr &#8211; St. Johannes, Kappelbergstra\u00dfe 28, 70327 Stuttgart<\/a><\/p>\n\n\n\n<p><a href=\"https:\/\/www.sankturban.de\/?p=11213\">1. Fastensonntag, 6.3., 17 Uhr  &#8211; St. Christophorus, Salacher Str. 33, 70327 Stuttgart-Wangen<\/a> <\/p>\n\n\n\n<p>2. Fastensonntag, 13.3., 17 Uhr\u2013 St. Markus, Otto-Hirsch-Br\u00fccken 20, 70329 Stuttgart-Hedelfingen<\/p>\n\n\n\n<p>3. <a href=\"https:\/\/www.sankturban.de\/?p=11285\">Fastensonntag, 20.3., 17 Uhr \u2013 St. Franziskus, Ebniseestra\u00dfe 12, 70329 Stuttgart-Obert\u00fcrkheim<\/a><\/p>\n\n\n\n<p>4. Fastensonntag, 27.3., 17 Uhr \u2013&nbsp; St. Johannes, Kappelbergstra\u00dfe 28, 70327 Stuttgart-Untert\u00fcrkheim<\/p>\n\n\n\n<p>5. Fastensonntag 3.4., 17 Uhr \u2013&nbsp; St. Christophorus, Salacher Str. 33, 70327 Stuttgart-Wangen<\/p>\n\n\n\n<p>Palmsonntag, 10.4., 17 Uhr \u2013&nbsp; St. Markus&nbsp;, Otto-Hirsch-Br\u00fccken 20, 70329 Stuttgart-Hedelfingen<\/p>\n\n\n\n<p>Ostersonntag, 17.4., 18 Uhr &#8211; St. Johannes, Kappelbergstra\u00dfe 28, 70327 Stuttgart-Untert\u00fcrkheim: Ostervesper mit Friedensgebet<\/p>\n\n\n\n<p>Wei\u00dfer Sonntag, 24.4., 18 Uhr- St. Franziskus, Ebniseestra\u00dfe 12, 70329 Stuttgart-Obert\u00fcrkheim<\/p>\n\n\n\n<p>3. Ostersonntag, 1.5., 18 Uhr- St. Johannes, Kappelbergstra\u00dfe 28, 70327 Stuttgart-Untert\u00fcrkheim<\/p>\n\n\n\n<p>4. Ostersonntag, 8. 5., 18 Uhr &#8211; St. Christophorus, Salacher Str. 33, 70327 Stuttgart-Wangen: Maiandacht mit Friedensgebet <\/p>\n\n\n\n<p>5. Ostersonntag, 15.5., 18 Uhr &#8211; St. Franziskus, Ebniseestra\u00dfe 12, 70329 Stuttgart-Obert\u00fcrkheim: Maiandacht mit Friedensgebet, musikalisch mitgestaltet von der Familienband.<\/p>\n\n\n\n<p>6. Ostersonntag, 22.5., 18 Uhr &#8211; St. Markus , Otto-Hirsch-Br\u00fccken 20, 70329 Stuttgart-Hedelfingen<\/p>\n\n\n\n<p>7. Ostersonntag, 29.5., 18 Uhr &#8211; St. Johannes, Kappelbergstra\u00dfe 28, 70327 Stuttgart-Untert\u00fcrkheim: Eucharistiefeier mit Friedensgebet<\/p>\n\n\n\n<p>Pfingstsonntag, 5.6., 18 Uhr &#8211; St. Christophorus, Salacher Str. 33, 70327 Stuttgart-Wangen<\/p>\n\n\n\n<p><\/p>\n\n\n\n<p><strong>Weitere Friedensgebete:<\/strong><\/p>\n\n\n\n<p>Freitag, 25.3., 9.00 Uhr: Eucharistiefeier mit <a href=\"https:\/\/expedition-drs.de\/wp-content\/uploads\/2022\/03\/Weihgebet-an-Maria-DINLang_v02.pdf\">Gebet um Frieden<\/a>, St. Johannes, Kappelbergstra\u00dfe 28, 70327 Stuttgart-Untert\u00fcrheim<\/p>\n\n\n\n<p>Beachten Sie auch die Gottesdienste und Angebote auf dem <a href=\"https:\/\/www.katholikentag.de\/programmmenue\">Katholikentag<\/a>.<\/p>\n\n\n\n<p>Pfingstmontag, 6.6., 11.00 Uhr \u00d6kumenischer Gottesdienst, St. Johannes, Kappelbergstra\u00dfe 28, 70327 Stuttgart-Untert\u00fcrheim<br \/><\/p>\n","protected":false},"excerpt":{"rendered":"<p>An den kommenden Sonntagen laden wir herzlich zu den Friedensgebeten in unseren Kirchen ein:. Sonntag, 27.2.,17 Uhr &#8211; St. Johannes, Kappelbergstra\u00dfe 28, 70327 Stuttgart 1. Fastensonntag, 6.3., 17 Uhr &#8211; St. Christophorus, Salacher Str. 33, 70327 Stuttgart-Wangen 2. Fastensonntag, 13.3., &hellip; <a href=\"https:\/\/www.sankturban.de\/?p=11226\">Weiterlesen <span class=\"meta-nav\">&rarr;<\/span><\/a><\/p>\n","protected":false},"author":33,"featured_media":0,"comment_status":"closed","ping_status":"closed","sticky":false,"template":"","format":"standard","meta":{"footnotes":""},"categories":[67],"tags":[],"class_list":["post-11226","post","type-post","status-publish","format-standard","hentry","category-news"],"_links":{"self":[{"href":"https:\/\/www.sankturban.de\/index.php?rest_route=\/wp\/v2\/posts\/11226","targetHints":{"allow":["GET"]}}],"collection":[{"href":"https:\/\/www.sankturban.de\/index.php?rest_route=\/wp\/v2\/posts"}],"about":[{"href":"https:\/\/www.sankturban.de\/index.php?rest_route=\/wp\/v2\/types\/post"}],"author":[{"embeddable":true,"href":"https:\/\/www.sankturban.de\/index.php?rest_route=\/wp\/v2\/users\/33"}],"replies":[{"embeddable":true,"href":"https:\/\/www.sankturban.de\/index.php?rest_route=%2Fwp%2Fv2%2Fcomments&post=11226"}],"version-history":[{"count":13,"href":"https:\/\/www.sankturban.de\/index.php?rest_route=\/wp\/v2\/posts\/11226\/revisions"}],"predecessor-version":[{"id":11519,"href":"https:\/\/www.sankturban.de\/index.php?rest_route=\/wp\/v2\/posts\/11226\/revisions\/11519"}],"wp:attachment":[{"href":"https:\/\/www.sankturban.de\/index.php?rest_route=%2Fwp%2Fv2%2Fmedia&parent=11226"}],"wp:term":[{"taxonomy":"category","embeddable":true,"href":"https:\/\/www.sankturban.de\/index.php?rest_route=%2Fwp%2Fv2%2Fcategories&post=11226"},{"taxonomy":"post_tag","embeddable":true,"href":"https:\/\/www.sankturban.de\/index.php?rest_route=%2Fwp%2Fv2%2Ftags&post=11226"}],"curies":[{"name":"wp","href":"https:\/\/api.w.org\/{rel}","templated":true}]}}