{"id":10985,"date":"2021-12-20T11:03:56","date_gmt":"2021-12-20T10:03:56","guid":{"rendered":"https:\/\/www.sankturban.de\/?p=10985"},"modified":"2021-12-20T11:08:31","modified_gmt":"2021-12-20T10:08:31","slug":"herzliche-einladung-zur-mitfeier-der-weihnachtsgottesdienste","status":"publish","type":"post","link":"https:\/\/www.sankturban.de\/?p=10985","title":{"rendered":"Herzliche Einladung zur Mitfeier der Weihnachtsgottesdienste"},"content":{"rendered":"\n<div class=\"wp-block-image\"><figure class=\"alignleft size-large is-resized\"><img loading=\"lazy\" decoding=\"async\" src=\"https:\/\/www.sankturban.de\/wp-content\/uploads\/2021\/12\/kalenderblatt_weihnachten_by_peter_weidemann_pfarrbriefservice_0-1024x904.jpg\" alt=\"\" class=\"wp-image-10986\" width=\"291\" height=\"256\" srcset=\"https:\/\/www.sankturban.de\/wp-content\/uploads\/2021\/12\/kalenderblatt_weihnachten_by_peter_weidemann_pfarrbriefservice_0-1024x904.jpg 1024w, https:\/\/www.sankturban.de\/wp-content\/uploads\/2021\/12\/kalenderblatt_weihnachten_by_peter_weidemann_pfarrbriefservice_0-300x265.jpg 300w, https:\/\/www.sankturban.de\/wp-content\/uploads\/2021\/12\/kalenderblatt_weihnachten_by_peter_weidemann_pfarrbriefservice_0-768x678.jpg 768w, https:\/\/www.sankturban.de\/wp-content\/uploads\/2021\/12\/kalenderblatt_weihnachten_by_peter_weidemann_pfarrbriefservice_0-1320x1165.jpg 1320w, https:\/\/www.sankturban.de\/wp-content\/uploads\/2021\/12\/kalenderblatt_weihnachten_by_peter_weidemann_pfarrbriefservice_0.jpg 1500w\" sizes=\"auto, (max-width: 291px) 100vw, 291px\" \/><\/figure><\/div>\n\n\n\n<p>Zum zweiten Mal m\u00fcssen wir die Advents- und Weihnachtszeit unter Pandenmie begehen. Das bedeutet nicht nur f\u00fcr viele Menschen privat Ver\u00e4nderungen und Einschr\u00e4nkungen, sondern macht auch die Planung der Aktionen und Gottesdienste in unseren Kirchengemeinden sehr anspruchsvoll.<\/p>\n\n\n\n<p>Herzliche Einladung zur Mitfeier der Gottesdienste. Bitte beachten Sie die Abstands- und Hygieneregelungen. Ein Anmeldung zu den (Weihnachts-)Gottesdiensten ist nicht notwendig. Allerdings m\u00fcssen Sie beim Besuch der Gottesdienste Ihre Kontaktdaten (zur Nachververfolung) hinterlassen. Dies kann handschriftlich oder via CoronaWarnApp oder LucaApp geschehen.<\/p>\n\n\n\n<!--more-->\n\n\n\n<ul class=\"wp-block-list\"><li><a href=\"https:\/\/www.sankturban.de\/?page_id=51\">Alle Gottesdienste in der Gesamtkirchengemeinde<\/a><\/li><li><a href=\"https:\/\/www.kath-kirche-stuttgart.de\/service\/gottesdienstfinder\">Alle Gottesdienste in Stuttgart<\/a><\/li><li><a href=\"https:\/\/www.katholisch.de\/termine\">Gottesdienste online, im Fernsehen und Radio<\/a><\/li><li><a href=\"https:\/\/www.drs.de\/dossiers\/kirchenjahr\/weihnachten\/heiligabend.html\">Hausgebet am Heiligen Abend und weitere Ideen<\/a><\/li><\/ul>\n\n\n\n<p>Sollte bei den Gottesdiensten in der Gesamtkirchengemeinde die maximale Anzahl der Mitfeiernden erreicht sein, sind die Ordner\/-innen angewisen, weiteren Personen keinen Zutritt mehr zum Kirchenraum zu gew\u00e4hren.<br \/>Vielen Dank f\u00fcr Ihr Verst\u00e4ndnis.<\/p>\n","protected":false},"excerpt":{"rendered":"<p>Zum zweiten Mal m\u00fcssen wir die Advents- und Weihnachtszeit unter Pandenmie begehen. Das bedeutet nicht nur f\u00fcr viele Menschen privat Ver\u00e4nderungen und Einschr\u00e4nkungen, sondern macht auch die Planung der Aktionen und Gottesdienste in unseren Kirchengemeinden sehr anspruchsvoll. Herzliche Einladung zur &hellip; <a href=\"https:\/\/www.sankturban.de\/?p=10985\">Weiterlesen <span class=\"meta-nav\">&rarr;<\/span><\/a><\/p>\n","protected":false},"author":33,"featured_media":0,"comment_status":"closed","ping_status":"closed","sticky":false,"template":"","format":"standard","meta":{"footnotes":""},"categories":[8],"tags":[],"class_list":["post-10985","post","type-post","status-publish","format-standard","hentry","category-startseite"],"_links":{"self":[{"href":"https:\/\/www.sankturban.de\/index.php?rest_route=\/wp\/v2\/posts\/10985","targetHints":{"allow":["GET"]}}],"collection":[{"href":"https:\/\/www.sankturban.de\/index.php?rest_route=\/wp\/v2\/posts"}],"about":[{"href":"https:\/\/www.sankturban.de\/index.php?rest_route=\/wp\/v2\/types\/post"}],"author":[{"embeddable":true,"href":"https:\/\/www.sankturban.de\/index.php?rest_route=\/wp\/v2\/users\/33"}],"replies":[{"embeddable":true,"href":"https:\/\/www.sankturban.de\/index.php?rest_route=%2Fwp%2Fv2%2Fcomments&post=10985"}],"version-history":[{"count":3,"href":"https:\/\/www.sankturban.de\/index.php?rest_route=\/wp\/v2\/posts\/10985\/revisions"}],"predecessor-version":[{"id":10990,"href":"https:\/\/www.sankturban.de\/index.php?rest_route=\/wp\/v2\/posts\/10985\/revisions\/10990"}],"wp:attachment":[{"href":"https:\/\/www.sankturban.de\/index.php?rest_route=%2Fwp%2Fv2%2Fmedia&parent=10985"}],"wp:term":[{"taxonomy":"category","embeddable":true,"href":"https:\/\/www.sankturban.de\/index.php?rest_route=%2Fwp%2Fv2%2Fcategories&post=10985"},{"taxonomy":"post_tag","embeddable":true,"href":"https:\/\/www.sankturban.de\/index.php?rest_route=%2Fwp%2Fv2%2Ftags&post=10985"}],"curies":[{"name":"wp","href":"https:\/\/api.w.org\/{rel}","templated":true}]}}