{"id":10733,"date":"2021-10-21T16:13:52","date_gmt":"2021-10-21T15:13:52","guid":{"rendered":"https:\/\/www.sankturban.de\/?p=10733"},"modified":"2021-10-21T16:33:46","modified_gmt":"2021-10-21T15:33:46","slug":"gedenkgottesdienst-fuer-p-ernst-kusterer","status":"publish","type":"post","link":"https:\/\/www.sankturban.de\/?p=10733","title":{"rendered":"Gedenkgottesdienst f\u00fcr P. Ernst Kusterer"},"content":{"rendered":"\n<div class=\"wp-block-image\"><figure class=\"alignleft size-large is-resized\"><img loading=\"lazy\" decoding=\"async\" src=\"https:\/\/www.sankturban.de\/wp-content\/uploads\/2021\/10\/tea-lights-2611196_by_pixel2013_pixabay_pfarrbriefservice-1024x500.jpg\" alt=\"\" class=\"wp-image-10734\" width=\"333\" height=\"162\" srcset=\"https:\/\/www.sankturban.de\/wp-content\/uploads\/2021\/10\/tea-lights-2611196_by_pixel2013_pixabay_pfarrbriefservice-1024x500.jpg 1024w, https:\/\/www.sankturban.de\/wp-content\/uploads\/2021\/10\/tea-lights-2611196_by_pixel2013_pixabay_pfarrbriefservice-300x146.jpg 300w, https:\/\/www.sankturban.de\/wp-content\/uploads\/2021\/10\/tea-lights-2611196_by_pixel2013_pixabay_pfarrbriefservice-768x375.jpg 768w, https:\/\/www.sankturban.de\/wp-content\/uploads\/2021\/10\/tea-lights-2611196_by_pixel2013_pixabay_pfarrbriefservice-1320x644.jpg 1320w, https:\/\/www.sankturban.de\/wp-content\/uploads\/2021\/10\/tea-lights-2611196_by_pixel2013_pixabay_pfarrbriefservice.jpg 1500w\" sizes=\"auto, (max-width: 333px) 100vw, 333px\" \/><\/figure><\/div>\n\n\n\n<p>Am 6. September verstarb Pater Ernst Kusterer SDB im Kloster Ensdorf (Bayern).<br \/>Nun feiern die Salesianer Don Boscos der Niederlassung in Stuttgart-Obert\u00fcrkheim und die Gesamtkirchengemeinde St. Urban in Stuttgart einen Gedenkgottesdienst f\u00fcr den langj\u00e4hrigen Rektor der Stuttgarter Salesianer. <br \/>F\u00fcr viele Gl\u00e4ubige, insbesondere f\u00fcr junge Christen, war der Ordensmann ein froher Seelsorger, Wegbegleiter und Glaubenszeuge. Die Eucharistiefeier beginnt am Dienstag, 26. Oktober 2021, um 18.30 Uhr in der Pfarrkirche St. Franziskus in Obert\u00fcrkheim. Herzliche Einladung zur Mitfeier!<\/p>\n\n\n\n<!--more-->\n\n\n\n<ul class=\"wp-block-list\"><li><a href=\"https:\/\/www.donbosco-stuttgart.de\/Aus-unserer-Arbeit\/Nachruf-Pater-Ernst-Kusterer\">Nachruf und Bilder zum Tod von P. Ernst Kusterer<\/a><\/li><li><a href=\"https:\/\/www.drs.de\/ansicht\/artikel\/ein-leben-fuer-die-jugend-8900.html\">\u201eEin Leben f\u00fcr die Jugend\u201c: Nachruf P. Ernst Kusterer der Di\u00f6zese<\/a> <\/li><li><a href=\"https:\/\/www.kloster-ensdorf.de\/Aktuelles\/P.-Ernst-Kusterer-SDB-verstorben\">Nachruf P. Ernst Kusterer Kloster Ensdorf<\/a><\/li><\/ul>\n\n\n\n<p>(Bild: www.pfarrbriefservice.de)<\/p>\n","protected":false},"excerpt":{"rendered":"<p>Am 6. September verstarb Pater Ernst Kusterer SDB im Kloster Ensdorf (Bayern).Nun feiern die Salesianer Don Boscos der Niederlassung in Stuttgart-Obert\u00fcrkheim und die Gesamtkirchengemeinde St. Urban in Stuttgart einen Gedenkgottesdienst f\u00fcr den langj\u00e4hrigen Rektor der Stuttgarter Salesianer. F\u00fcr viele Gl\u00e4ubige, &hellip; <a href=\"https:\/\/www.sankturban.de\/?p=10733\">Weiterlesen <span class=\"meta-nav\">&rarr;<\/span><\/a><\/p>\n","protected":false},"author":33,"featured_media":0,"comment_status":"closed","ping_status":"open","sticky":false,"template":"","format":"standard","meta":{"footnotes":""},"categories":[5,8],"tags":[],"class_list":["post-10733","post","type-post","status-publish","format-standard","hentry","category-st-franziskus","category-startseite"],"_links":{"self":[{"href":"https:\/\/www.sankturban.de\/index.php?rest_route=\/wp\/v2\/posts\/10733","targetHints":{"allow":["GET"]}}],"collection":[{"href":"https:\/\/www.sankturban.de\/index.php?rest_route=\/wp\/v2\/posts"}],"about":[{"href":"https:\/\/www.sankturban.de\/index.php?rest_route=\/wp\/v2\/types\/post"}],"author":[{"embeddable":true,"href":"https:\/\/www.sankturban.de\/index.php?rest_route=\/wp\/v2\/users\/33"}],"replies":[{"embeddable":true,"href":"https:\/\/www.sankturban.de\/index.php?rest_route=%2Fwp%2Fv2%2Fcomments&post=10733"}],"version-history":[{"count":4,"href":"https:\/\/www.sankturban.de\/index.php?rest_route=\/wp\/v2\/posts\/10733\/revisions"}],"predecessor-version":[{"id":10739,"href":"https:\/\/www.sankturban.de\/index.php?rest_route=\/wp\/v2\/posts\/10733\/revisions\/10739"}],"wp:attachment":[{"href":"https:\/\/www.sankturban.de\/index.php?rest_route=%2Fwp%2Fv2%2Fmedia&parent=10733"}],"wp:term":[{"taxonomy":"category","embeddable":true,"href":"https:\/\/www.sankturban.de\/index.php?rest_route=%2Fwp%2Fv2%2Fcategories&post=10733"},{"taxonomy":"post_tag","embeddable":true,"href":"https:\/\/www.sankturban.de\/index.php?rest_route=%2Fwp%2Fv2%2Ftags&post=10733"}],"curies":[{"name":"wp","href":"https:\/\/api.w.org\/{rel}","templated":true}]}}