{"id":10643,"date":"2021-08-07T17:05:00","date_gmt":"2021-08-07T16:05:00","guid":{"rendered":"https:\/\/www.sankturban.de\/?p=10643"},"modified":"2021-08-07T22:56:59","modified_gmt":"2021-08-07T21:56:59","slug":"herzlich-willkommen-pater-johannes-oelighoff-ab-oktober-vikar-in-den-oberen-neckarvororten","status":"publish","type":"post","link":"https:\/\/www.sankturban.de\/?p=10643","title":{"rendered":"Herzlich willkommen: Pater Johannes Oelighoff ab Oktober Vikar in den Oberen Neckarvororten"},"content":{"rendered":"\n<div class=\"wp-block-image\"><figure class=\"alignleft size-large is-resized\"><img loading=\"lazy\" decoding=\"async\" src=\"https:\/\/www.sankturban.de\/wp-content\/uploads\/2021\/08\/Bild-Pater-Johannes-Oelighoff-768x1024.jpg\" alt=\"\" class=\"wp-image-10644\" width=\"199\" height=\"265\" srcset=\"https:\/\/www.sankturban.de\/wp-content\/uploads\/2021\/08\/Bild-Pater-Johannes-Oelighoff-768x1024.jpg 768w, https:\/\/www.sankturban.de\/wp-content\/uploads\/2021\/08\/Bild-Pater-Johannes-Oelighoff-225x300.jpg 225w, https:\/\/www.sankturban.de\/wp-content\/uploads\/2021\/08\/Bild-Pater-Johannes-Oelighoff-1152x1536.jpg 1152w, https:\/\/www.sankturban.de\/wp-content\/uploads\/2021\/08\/Bild-Pater-Johannes-Oelighoff-scaled.jpg 1536w, https:\/\/www.sankturban.de\/wp-content\/uploads\/2021\/08\/Bild-Pater-Johannes-Oelighoff-1320x1760.jpg 1320w\" sizes=\"auto, (max-width: 199px) 100vw, 199px\" \/><figcaption>Pater Johannes Oelighoff<\/figcaption><\/figure><\/div>\n\n\n\n<p>Der Regens des Rottenburger Priesterseminars sendet <strong>Pater Johannes Oelighoff<\/strong> zur Ausbildung in unsere Gesamtkirchengemeinde St. Urban.<br \/>P. Johannes <a href=\"https:\/\/www.schoenstatt.de\/de\/news\/5244\/112\/Voll-Freude-leuchtende-Christustraeger-sein-Diakonen-und-Priesterweihe-in-Schoenstatt.htm\">wurde am 9. Mai 2021 zum Priester geweiht<\/a> und geh\u00f6rt zur Gemeinschaft der Sch\u00f6nstatt-Patres und wird sein Vikariat bei uns f\u00fcr 2 Jahre aus\u00fcben und so in unseren Kirchengemeinden mitarbeiten sowie die vorgesehenen Ausbildungskurse absolvieren.<\/p>\n\n\n\n<!--more-->\n\n\n\n<p>P. Johannes wird w\u00e4hrend seiner Vikarszeit bei der Gemeinschaft der Sch\u00f6nstatt-Patres in Stuttgart-Freiberg wohnen und seinen Dienstsitz (und damit sein B\u00fcro) im Pfarrb\u00fcro St. Franziskus Obert\u00fcrkheim haben.<br \/><br \/>P. Johannes war bereits vor Ort und konnte einen ersten Blick auf und in unsere Kirchengemeinden werfen. Er wird auch bei der Teamklausur des Pastoralteams am 30.9.2021 dabei sein k\u00f6nnen.<br \/><br \/>Die Einf\u00fchrung von P. Johannes in den Gottesdiensten erfolgt voraussichtlich am 9.\/10. Oktober 2021 &#8211; verbunden mit dem &#8222;Tag der R\u00e4te&#8220; am <a href=\"tel:9102021\">9.10.2021<\/a>.<\/p>\n\n\n\n<p>Ich freue mich sehr, dass P. Johannes f\u00fcr die kommende Zeit mit uns in den Oberen Neckarvororten Leben und Glauben teilt und hei\u00dfe ihn herzlichst willkommen.<br \/><br \/>Pfarrer Andreas G\u00e4lle<\/p>\n\n\n\n<p><br \/><em>P. Johannes schreibt:<br \/><\/em><\/p>\n\n\n\n<p><em>Mein Name ist Pater Johannes Oelighoff. Ich bin 31 Jahre alt und Mitglied der Gemeinschaft der Sch\u00f6nstatt-Patres. Nachdem ich 2019 mein Theologiestudium in M\u00fcnchen abgeschlossen hatte, war ich die letzten beiden Jahre in Eislingen an der Fils in der Pastoral t\u00e4tig. Am 9. Mai 2021 bin ich zum Priester geweiht worden und freue mich nun darauf zusammen mit Ihnen Kirche zu gestalten.<\/em><\/p>\n\n\n\n<p><em>Glaube bedeutet f\u00fcr mich Freundschaft mit Gott. Das wird konkret, wenn ich mich in herausfordernden Situationen von IHM getragen f\u00fchle. Aber auch wenn ich Gott ganz bewusst mit hineinnehme in Begegnungen und Freundschaften, seine N\u00e4he sp\u00fcre im Gebet oder bei meinem Hobby, dem Fahrradfahren.<\/em><\/p>\n\n\n\n<p><em>Ich freue mich darauf, Sie kennen zu lernen. Was bedeutet f\u00fcr Sie Glaube?<\/em><\/p>\n\n\n\n<p><em>Pater Johannes Oelighoff<\/em><\/p>\n","protected":false},"excerpt":{"rendered":"<p>Der Regens des Rottenburger Priesterseminars sendet Pater Johannes Oelighoff zur Ausbildung in unsere Gesamtkirchengemeinde St. Urban.P. Johannes wurde am 9. Mai 2021 zum Priester geweiht und geh\u00f6rt zur Gemeinschaft der Sch\u00f6nstatt-Patres und wird sein Vikariat bei uns f\u00fcr 2 Jahre &hellip; <a href=\"https:\/\/www.sankturban.de\/?p=10643\">Weiterlesen <span class=\"meta-nav\">&rarr;<\/span><\/a><\/p>\n","protected":false},"author":33,"featured_media":0,"comment_status":"closed","ping_status":"open","sticky":false,"template":"","format":"standard","meta":{"footnotes":""},"categories":[4,5,6,7,8],"tags":[],"class_list":["post-10643","post","type-post","status-publish","format-standard","hentry","category-st-christophorus","category-st-franziskus","category-st-johannes","category-st-markus","category-startseite"],"_links":{"self":[{"href":"https:\/\/www.sankturban.de\/index.php?rest_route=\/wp\/v2\/posts\/10643","targetHints":{"allow":["GET"]}}],"collection":[{"href":"https:\/\/www.sankturban.de\/index.php?rest_route=\/wp\/v2\/posts"}],"about":[{"href":"https:\/\/www.sankturban.de\/index.php?rest_route=\/wp\/v2\/types\/post"}],"author":[{"embeddable":true,"href":"https:\/\/www.sankturban.de\/index.php?rest_route=\/wp\/v2\/users\/33"}],"replies":[{"embeddable":true,"href":"https:\/\/www.sankturban.de\/index.php?rest_route=%2Fwp%2Fv2%2Fcomments&post=10643"}],"version-history":[{"count":5,"href":"https:\/\/www.sankturban.de\/index.php?rest_route=\/wp\/v2\/posts\/10643\/revisions"}],"predecessor-version":[{"id":10649,"href":"https:\/\/www.sankturban.de\/index.php?rest_route=\/wp\/v2\/posts\/10643\/revisions\/10649"}],"wp:attachment":[{"href":"https:\/\/www.sankturban.de\/index.php?rest_route=%2Fwp%2Fv2%2Fmedia&parent=10643"}],"wp:term":[{"taxonomy":"category","embeddable":true,"href":"https:\/\/www.sankturban.de\/index.php?rest_route=%2Fwp%2Fv2%2Fcategories&post=10643"},{"taxonomy":"post_tag","embeddable":true,"href":"https:\/\/www.sankturban.de\/index.php?rest_route=%2Fwp%2Fv2%2Ftags&post=10643"}],"curies":[{"name":"wp","href":"https:\/\/api.w.org\/{rel}","templated":true}]}}