{"id":10632,"date":"2021-08-04T10:23:09","date_gmt":"2021-08-04T09:23:09","guid":{"rendered":"https:\/\/www.sankturban.de\/?p=10632"},"modified":"2021-08-11T09:29:43","modified_gmt":"2021-08-11T08:29:43","slug":"samstagsplilgern-auf-dem-martinusweg","status":"publish","type":"post","link":"https:\/\/www.sankturban.de\/?p=10632","title":{"rendered":"&#8222;Samstagsplilgern&#8220; auf dem Martinusweg"},"content":{"rendered":"\n<p>Am Samstag, 4. September, findet ein Pilgerweg im Rahmen von &#8222;Samstagspilgern&#8220; statt. <br \/>Dieser Tag steht unter dem Leitwort: &#8222;<a href=\"http:\/\/www.martinuswege.de\/veranstaltungskalender.php?dfxid=143\">Unterwegs auf den Spuren des Heiligen Martin &#8211; St. Eberhard im Blick<\/a>&#8222;<\/p>\n\n\n\n<figure class=\"wp-block-image size-full is-resized\"><img loading=\"lazy\" decoding=\"async\" src=\"https:\/\/www.sankturban.de\/wp-content\/uploads\/2021\/08\/Martinusweg_HP-1.jpg\" alt=\"\" class=\"wp-image-10653\" width=\"572\" height=\"286\" srcset=\"https:\/\/www.sankturban.de\/wp-content\/uploads\/2021\/08\/Martinusweg_HP-1.jpg 800w, https:\/\/www.sankturban.de\/wp-content\/uploads\/2021\/08\/Martinusweg_HP-1-300x150.jpg 300w, https:\/\/www.sankturban.de\/wp-content\/uploads\/2021\/08\/Martinusweg_HP-1-768x384.jpg 768w\" sizes=\"auto, (max-width: 572px) 100vw, 572px\" \/><\/figure>\n\n\n\n<p>9.30 Uhr: Treffpunkt Buchrainfriedhof Stuttgart Vaihingen (mit \u00f6ffentlichen Verkehrsmitteln zu erreichen)<\/p>\n\n\n\n<p>Abschluss: Konkathedrale St. Eberhard<\/p>\n\n\n\n<p>Strecke via B\u00e4renschl\u00f6ssle und Karlsh\u00f6he, ca. 14 km festes Schuhwerk und kleines Vesper bzw. Getr\u00e4nk werden empfohlen.<\/p>\n\n\n\n<p>F\u00fcr weitere Information ist Frau Sabine Lux ansprechbar (sabine.lux@gmx.net)<\/p>\n\n\n\n<ul class=\"wp-block-list\"><li><a href=\"http:\/\/www.martinuswege.de\/pdf\/Martinusweg-Samstagspilgern-2021.pdf\">Samstagspilgern<\/a><\/li><\/ul>\n\n\n\n<p><\/p>\n","protected":false},"excerpt":{"rendered":"<p>Am Samstag, 4. September, findet ein Pilgerweg im Rahmen von &#8222;Samstagspilgern&#8220; statt. Dieser Tag steht unter dem Leitwort: &#8222;Unterwegs auf den Spuren des Heiligen Martin &#8211; St. Eberhard im Blick&#8222; 9.30 Uhr: Treffpunkt Buchrainfriedhof Stuttgart Vaihingen (mit \u00f6ffentlichen Verkehrsmitteln zu &hellip; <a href=\"https:\/\/www.sankturban.de\/?p=10632\">Weiterlesen <span class=\"meta-nav\">&rarr;<\/span><\/a><\/p>\n","protected":false},"author":33,"featured_media":0,"comment_status":"closed","ping_status":"open","sticky":false,"template":"","format":"standard","meta":{"footnotes":""},"categories":[67,5],"tags":[],"class_list":["post-10632","post","type-post","status-publish","format-standard","hentry","category-news","category-st-franziskus"],"_links":{"self":[{"href":"https:\/\/www.sankturban.de\/index.php?rest_route=\/wp\/v2\/posts\/10632","targetHints":{"allow":["GET"]}}],"collection":[{"href":"https:\/\/www.sankturban.de\/index.php?rest_route=\/wp\/v2\/posts"}],"about":[{"href":"https:\/\/www.sankturban.de\/index.php?rest_route=\/wp\/v2\/types\/post"}],"author":[{"embeddable":true,"href":"https:\/\/www.sankturban.de\/index.php?rest_route=\/wp\/v2\/users\/33"}],"replies":[{"embeddable":true,"href":"https:\/\/www.sankturban.de\/index.php?rest_route=%2Fwp%2Fv2%2Fcomments&post=10632"}],"version-history":[{"count":4,"href":"https:\/\/www.sankturban.de\/index.php?rest_route=\/wp\/v2\/posts\/10632\/revisions"}],"predecessor-version":[{"id":10656,"href":"https:\/\/www.sankturban.de\/index.php?rest_route=\/wp\/v2\/posts\/10632\/revisions\/10656"}],"wp:attachment":[{"href":"https:\/\/www.sankturban.de\/index.php?rest_route=%2Fwp%2Fv2%2Fmedia&parent=10632"}],"wp:term":[{"taxonomy":"category","embeddable":true,"href":"https:\/\/www.sankturban.de\/index.php?rest_route=%2Fwp%2Fv2%2Fcategories&post=10632"},{"taxonomy":"post_tag","embeddable":true,"href":"https:\/\/www.sankturban.de\/index.php?rest_route=%2Fwp%2Fv2%2Ftags&post=10632"}],"curies":[{"name":"wp","href":"https:\/\/api.w.org\/{rel}","templated":true}]}}